{"id":8063,"date":"2026-05-03T12:13:44","date_gmt":"2026-05-03T12:13:44","guid":{"rendered":"https:\/\/chinchorrotelevision.cl\/ma\/?p=8063"},"modified":"2026-05-03T12:13:45","modified_gmt":"2026-05-03T12:13:45","slug":"viera-gallo-insta-a-la-oposicion-a-no-recurrir-al-tc-seria-un-error","status":"publish","type":"post","link":"https:\/\/chinchorrotelevision.cl\/ma\/2026\/05\/03\/viera-gallo-insta-a-la-oposicion-a-no-recurrir-al-tc-seria-un-error\/","title":{"rendered":"VIERA-GALLO INSTA A LA OPOSICI\u00d3N A NO RECURRIR AL TC SER\u00cdA UN ERROR"},"content":{"rendered":"\n<p><strong><em>Por Gabriela Vald\u00e9s<\/em><\/strong>,<\/p>\n\n\n\n<figure class=\"wp-block-image size-full is-resized\"><img loading=\"lazy\" decoding=\"async\" width=\"710\" height=\"399\" src=\"https:\/\/chinchorrotelevision.cl\/ma\/wp-content\/uploads\/2026\/05\/AVIERA-GALLO-1.jpg\" alt=\"\" class=\"wp-image-8069\" style=\"width:840px;height:auto\" srcset=\"https:\/\/chinchorrotelevision.cl\/ma\/wp-content\/uploads\/2026\/05\/AVIERA-GALLO-1.jpg 710w, https:\/\/chinchorrotelevision.cl\/ma\/wp-content\/uploads\/2026\/05\/AVIERA-GALLO-1-300x169.jpg 300w\" sizes=\"auto, (max-width: 710px) 100vw, 710px\" \/><\/figure>\n\n\n\n<p>El diplom\u00e1tico afirm\u00f3 que no ve fundamentos de inconstitucionalidad y llam\u00f3 a dar la discusi\u00f3n legislativa.<\/p>\n\n\n\n<p>El exembajador de Chile en Argentina, Jos\u00e9 Antonio Viera-Gallo, se refiri\u00f3 al proyecto de Reconstrucci\u00f3n impulsado por el Presidente Jos\u00e9 Antonio Kast, abordando tanto su dise\u00f1o como el escenario pol\u00edtico que enfrenta su tramitaci\u00f3n. En entrevista con EmolTV, el diplom\u00e1tico plante\u00f3 reparos a la estructura de la iniciativa y advirti\u00f3 sobre las dificultades que podr\u00eda enfrentar en el Congreso. Noticias relacionadas Amenaza opositora de ir al TC por Reconstrucci\u00f3n: Gobierno dice estar &#8220;tranquilo&#8221; por examen de admisibilidad Amenaza opositora de ir al TC por Reconstrucci\u00f3n: Gobierno dice estar &#8220;tranquilo&#8221; por examen de admisibilidad<\/p>\n\n\n\n<p>&#8220;Una autopol\u00e9mica&#8221;: Las voces que descartan una superposici\u00f3n mar\u00edtima con Argentina tras acusaciones de senador Kusanovic &#8220;Una autopol\u00e9mica&#8221;: Las voces que descartan una superposici\u00f3n mar\u00edtima con Argentina tras acusaciones de senador Kusanovic &#8220;Yo nunca habr\u00eda hecho un proyecto miscel\u00e1neo, porque cuando uno quiere cambiar muchas cosas va a tener mucha gente en contra, de distintos frentes\u201d, se\u00f1al\u00f3. En esa l\u00ednea, agreg\u00f3 que &#8220;deb\u00eda haber mandado, si quer\u00eda bajar los impuestos, de primera categor\u00eda, tendr\u00eda que haber mandado un proyecto simple y decir, mire, bajo esto y lo compenso con esto otro.<\/p>\n\n\n\n<p> Este es el paquete y basta&#8221; Respecto del proceso legislativo, Viera-Gallo sostuvo que &#8220;la experiencia parlamentaria me dice a m\u00ed que si se llegara a aprobar la idea de legislar, cuando vamos punto por punto, va a ser muy dif\u00edcil, porque qu\u00e9 va a hacer el parlamentario de oposici\u00f3n o de gobierno. Quiero escuchar a las empresas que trabajan en el CES, quiero escuchar a los artistas y creadores culturales, quiero escuchar a no s\u00e9 qu\u00e9. Solo en eso uno puede tomar meses&#8221;. Asimismo, advirti\u00f3 que incluso aprobada la idea de legislar, el proyecto podr\u00eda ser modificado sustancialmente: &#8220;Y adem\u00e1s no es evidente que eso lo aprueben, porque pueden aprobar la idea de legislar y despu\u00e9s recortar: no, esto no, esto no, esto no. Ahora, si el clima pol\u00edtico no es favorable, adem\u00e1s, se hace mucho m\u00e1s ardua y dif\u00edcil la discusi\u00f3n parlamentaria, mucho m\u00e1s compleja&#8221;.<\/p>\n\n\n\n<p><strong>Llamado a la oposici\u00f3n<\/strong> El exembajador tambi\u00e9n emplaz\u00f3 a la oposici\u00f3n a no llevar la iniciativa al Tribunal Constitucional. &#8220;Ser\u00eda un error que la oposici\u00f3n fuera al tribunal. Yo no veo ning\u00fan motivo serio para ir al tribunal&#8221;, afirm\u00f3. En ese sentido, a\u00f1adi\u00f3 que &#8220;yo no veo nada de inconstitucional en el proyecto. Otra cosa es que yo no estoy de acuerdo con el proyecto&#8221;. Finalmente, Viera-Gallo hizo un llamado transversal a moderar el tono del debate. &#8220;La oposici\u00f3n tambi\u00e9n tiene que serenarse. O sea, un momentito, seren\u00e9monos todos. Tranquilos, bajemos la pelota al piso&#8221;, sostuvo. Asimismo, plante\u00f3 que &#8220;si no est\u00e1n de acuerdo en la estructura b\u00e1sica del proyecto, bueno, se vota en contra la idea de legislar. No es ning\u00fan drama, se ha hecho muchas veces. Y listo, ahora, si se gana o no, eso no lo s\u00e9&#8221;.<\/p>\n\n\n\n<p>Por \u00faltimo, cuestion\u00f3 el ambiente pol\u00edtico general, se\u00f1alando que &#8220;no quiero parecer tan negativo tampoco, porque no quiero contribuir a un ambiente de pura rencilla. Yo creo que es importante tal vez que el gobierno reflexione, que el Presidente reflexione y obviamente tambi\u00e9n la oposici\u00f3n y toda la gente, porque yo abro hoy d\u00eda el diario y lo primero es que hay mansas peleas, porque no son peleas de un diputado con otro, sino que son peleas grandes. Eso debe terminar&#8221;.<\/p>\n","protected":false},"excerpt":{"rendered":"<p>Por Gabriela Vald\u00e9s, El diplom\u00e1tico afirm\u00f3 que no ve fundamentos de inconstitucionalidad y llam\u00f3 a dar la discusi\u00f3n legislativa. El exembajador de Chile en Argentina, Jos\u00e9 Antonio Viera-Gallo, se refiri\u00f3&hellip; <\/p>\n","protected":false},"author":1,"featured_media":8068,"comment_status":"closed","ping_status":"open","sticky":false,"template":"","format":"standard","meta":{"_siteseo_robots_primary_cat":"none","_monsterinsights_skip_tracking":false,"_monsterinsights_sitenote_active":false,"_monsterinsights_sitenote_note":"","_monsterinsights_sitenote_category":0,"footnotes":""},"categories":[10],"tags":[],"class_list":["post-8063","post","type-post","status-publish","format-standard","has-post-thumbnail","hentry","category-nacional"],"_links":{"self":[{"href":"https:\/\/chinchorrotelevision.cl\/ma\/wp-json\/wp\/v2\/posts\/8063","targetHints":{"allow":["GET"]}}],"collection":[{"href":"https:\/\/chinchorrotelevision.cl\/ma\/wp-json\/wp\/v2\/posts"}],"about":[{"href":"https:\/\/chinchorrotelevision.cl\/ma\/wp-json\/wp\/v2\/types\/post"}],"author":[{"embeddable":true,"href":"https:\/\/chinchorrotelevision.cl\/ma\/wp-json\/wp\/v2\/users\/1"}],"replies":[{"embeddable":true,"href":"https:\/\/chinchorrotelevision.cl\/ma\/wp-json\/wp\/v2\/comments?post=8063"}],"version-history":[{"count":1,"href":"https:\/\/chinchorrotelevision.cl\/ma\/wp-json\/wp\/v2\/posts\/8063\/revisions"}],"predecessor-version":[{"id":8070,"href":"https:\/\/chinchorrotelevision.cl\/ma\/wp-json\/wp\/v2\/posts\/8063\/revisions\/8070"}],"wp:featuredmedia":[{"embeddable":true,"href":"https:\/\/chinchorrotelevision.cl\/ma\/wp-json\/wp\/v2\/media\/8068"}],"wp:attachment":[{"href":"https:\/\/chinchorrotelevision.cl\/ma\/wp-json\/wp\/v2\/media?parent=8063"}],"wp:term":[{"taxonomy":"category","embeddable":true,"href":"https:\/\/chinchorrotelevision.cl\/ma\/wp-json\/wp\/v2\/categories?post=8063"},{"taxonomy":"post_tag","embeddable":true,"href":"https:\/\/chinchorrotelevision.cl\/ma\/wp-json\/wp\/v2\/tags?post=8063"}],"curies":[{"name":"wp","href":"https:\/\/api.w.org\/{rel}","templated":true}]}}