{"id":8055,"date":"2026-05-03T12:08:21","date_gmt":"2026-05-03T12:08:21","guid":{"rendered":"https:\/\/chinchorrotelevision.cl\/ma\/?p=8055"},"modified":"2026-05-03T12:08:22","modified_gmt":"2026-05-03T12:08:22","slug":"poduje-aclara-que-si-habra-recortes-pero-definidos-por-vivienda","status":"publish","type":"post","link":"https:\/\/chinchorrotelevision.cl\/ma\/2026\/05\/03\/poduje-aclara-que-si-habra-recortes-pero-definidos-por-vivienda\/","title":{"rendered":"PODUJE ACLARA QUE S\u00cd HABR\u00c1 RECORTES, PERO DEFINIDOS POR VIVIENDA"},"content":{"rendered":"\n<p><strong><em>Por Javiera Riquelme<\/em><\/strong><\/p>\n\n\n\n<figure class=\"wp-block-image size-full is-resized\"><img loading=\"lazy\" decoding=\"async\" width=\"710\" height=\"399\" src=\"https:\/\/chinchorrotelevision.cl\/ma\/wp-content\/uploads\/2026\/05\/A-PODUJE-3.jpg\" alt=\"\" class=\"wp-image-8061\" style=\"width:840px;height:auto\" srcset=\"https:\/\/chinchorrotelevision.cl\/ma\/wp-content\/uploads\/2026\/05\/A-PODUJE-3.jpg 710w, https:\/\/chinchorrotelevision.cl\/ma\/wp-content\/uploads\/2026\/05\/A-PODUJE-3-300x169.jpg 300w\" sizes=\"auto, (max-width: 710px) 100vw, 710px\" \/><\/figure>\n\n\n\n<p>El ministro de Vivienda, Iv\u00e1n Poduje, aclar\u00f3 este s\u00e1bado desde Punta Arenas que la cartera s\u00ed har\u00e1 recortes presupuestarios, solo que ser\u00e1n definidos por ellos. Fue el pasado 30 de abril cuando la autoridad abri\u00f3 una pol\u00e9mica tras ser consultado por si el ministro de Hacienda, Jorge Quiroz, puede obligarlo a cortar programas y respondi\u00f3 que no.<\/p>\n\n\n\n<p>Quiroz es un ministro m\u00e1s&#8221; &nbsp;&#8220;No, yo tengo un solo jefe, se llama Jos\u00e9 Antonio Kast, es el Presidente de Chile, \u00e9l es mi \u00fanico jefe, yo me debo a \u00e9l y a los chilenos&#8221;, dijo a Radio Infinita. Agreg\u00f3 que &#8220;el ministro Quiroz es un ministro m\u00e1s entre muchos de los que hay, como la ministra Trinidad Steinert&#8221;. Aquello deriv\u00f3 en una serie de reacciones no tan solo desde la oposici\u00f3n, sino que tambi\u00e9n desde el oficialismo. Es por ello, que hoy luego de que se le preguntara si habl\u00f3 de esto en La Moneda, sentenci\u00f3 que &#8220;s\u00ed, claro, por supuesto que s\u00ed. Lo que pasa es que se malentendi\u00f3 quiz\u00e1s el punto m\u00edo, que no ten\u00eda que ver con no hacer recortes, sino que con nosotros, como Ministerio, definir d\u00f3nde vamos a hacer los recortes&#8221;. &#8220;Son los cr\u00e9ditos de enlace, b\u00e1sicamente, que se entregan a empresas para construir viviendas, y como tenemos un ranking que vamos a publicar la pr\u00f3xima semana de las mejores y las peores empresas por regi\u00f3n (&#8230;), las peores empresas del ranking, les vamos a quitar el cr\u00e9dito de enlace y con esos recursos vamos a llegar al recorte&#8221;, complement\u00f3.<\/p>\n","protected":false},"excerpt":{"rendered":"<p>Por Javiera Riquelme El ministro de Vivienda, Iv\u00e1n Poduje, aclar\u00f3 este s\u00e1bado desde Punta Arenas que la cartera s\u00ed har\u00e1 recortes presupuestarios, solo que ser\u00e1n definidos por ellos. Fue el&hellip; <\/p>\n","protected":false},"author":1,"featured_media":8060,"comment_status":"closed","ping_status":"open","sticky":false,"template":"","format":"standard","meta":{"_siteseo_robots_primary_cat":"none","_monsterinsights_skip_tracking":false,"_monsterinsights_sitenote_active":false,"_monsterinsights_sitenote_note":"","_monsterinsights_sitenote_category":0,"footnotes":""},"categories":[10],"tags":[],"class_list":["post-8055","post","type-post","status-publish","format-standard","has-post-thumbnail","hentry","category-nacional"],"_links":{"self":[{"href":"https:\/\/chinchorrotelevision.cl\/ma\/wp-json\/wp\/v2\/posts\/8055","targetHints":{"allow":["GET"]}}],"collection":[{"href":"https:\/\/chinchorrotelevision.cl\/ma\/wp-json\/wp\/v2\/posts"}],"about":[{"href":"https:\/\/chinchorrotelevision.cl\/ma\/wp-json\/wp\/v2\/types\/post"}],"author":[{"embeddable":true,"href":"https:\/\/chinchorrotelevision.cl\/ma\/wp-json\/wp\/v2\/users\/1"}],"replies":[{"embeddable":true,"href":"https:\/\/chinchorrotelevision.cl\/ma\/wp-json\/wp\/v2\/comments?post=8055"}],"version-history":[{"count":1,"href":"https:\/\/chinchorrotelevision.cl\/ma\/wp-json\/wp\/v2\/posts\/8055\/revisions"}],"predecessor-version":[{"id":8062,"href":"https:\/\/chinchorrotelevision.cl\/ma\/wp-json\/wp\/v2\/posts\/8055\/revisions\/8062"}],"wp:featuredmedia":[{"embeddable":true,"href":"https:\/\/chinchorrotelevision.cl\/ma\/wp-json\/wp\/v2\/media\/8060"}],"wp:attachment":[{"href":"https:\/\/chinchorrotelevision.cl\/ma\/wp-json\/wp\/v2\/media?parent=8055"}],"wp:term":[{"taxonomy":"category","embeddable":true,"href":"https:\/\/chinchorrotelevision.cl\/ma\/wp-json\/wp\/v2\/categories?post=8055"},{"taxonomy":"post_tag","embeddable":true,"href":"https:\/\/chinchorrotelevision.cl\/ma\/wp-json\/wp\/v2\/tags?post=8055"}],"curies":[{"name":"wp","href":"https:\/\/api.w.org\/{rel}","templated":true}]}}