{"id":8051,"date":"2026-05-03T12:02:55","date_gmt":"2026-05-03T12:02:55","guid":{"rendered":"https:\/\/chinchorrotelevision.cl\/ma\/?p=8051"},"modified":"2026-05-03T12:02:56","modified_gmt":"2026-05-03T12:02:56","slug":"fiscal-valencia-chile-se-ha-vuelto-rentable-para-los-secuestros","status":"publish","type":"post","link":"https:\/\/chinchorrotelevision.cl\/ma\/2026\/05\/03\/fiscal-valencia-chile-se-ha-vuelto-rentable-para-los-secuestros\/","title":{"rendered":"FISCAL VALENCIA: CHILE SE HA VUELTO &#8220;RENTABLE&#8221; PARA LOS SECUESTROS"},"content":{"rendered":"\n<figure class=\"wp-block-image size-large\"><img loading=\"lazy\" decoding=\"async\" width=\"1024\" height=\"683\" src=\"https:\/\/chinchorrotelevision.cl\/ma\/wp-content\/uploads\/2026\/05\/A-FISCAL-1-1024x683.jpg\" alt=\"\" class=\"wp-image-8053\" srcset=\"https:\/\/chinchorrotelevision.cl\/ma\/wp-content\/uploads\/2026\/05\/A-FISCAL-1-1024x683.jpg 1024w, https:\/\/chinchorrotelevision.cl\/ma\/wp-content\/uploads\/2026\/05\/A-FISCAL-1-300x200.jpg 300w, https:\/\/chinchorrotelevision.cl\/ma\/wp-content\/uploads\/2026\/05\/A-FISCAL-1-768x512.jpg 768w, https:\/\/chinchorrotelevision.cl\/ma\/wp-content\/uploads\/2026\/05\/A-FISCAL-1-1536x1024.jpg 1536w, https:\/\/chinchorrotelevision.cl\/ma\/wp-content\/uploads\/2026\/05\/A-FISCAL-1-2048x1365.jpg 2048w\" sizes=\"auto, (max-width: 1024px) 100vw, 1024px\" \/><figcaption class=\"wp-element-caption\">Santiago 27 de noviembre 2025.\rSe lleva a cabo la conmemoracion del segundo aniversario de operacion del Equipo de Crimen Organizado y Homicidios ECOH de la Fiscalia en la Region Metropolitana.\rDragomir Yankovic\/Aton Chile<\/figcaption><\/figure>\n\n\n\n<p>El jefe del Ministerio P\u00fablico subray\u00f3 la escalada en capacidad log\u00edstica y el n\u00famero de raptos, instando al Estado a tomar medidas urgentes.<\/p>\n\n\n\n<p>A juicio del persecutor, nuestro pa\u00eds es un &#8220;mercado inexplorado&#8221; para organizaciones delictivas que buscan nuevos escenarios para operar.<\/p>\n\n\n\n<p>Pese a la creciente efectividad en las investigaciones, las privaciones de libertad con fines extorsivos contin\u00faan aumentando, de acuerdo con Valencia.<\/p>\n\n\n\n<p>El fiscal nacional, \u00c1ngel Valencia, alert\u00f3 este s\u00e1bado sobre la situaci\u00f3n de los secuestros en el pa\u00eds, calificando a Chile como un territorio &#8220;rentable&#8221; para estas operaciones criminales.<\/p>\n\n\n\n<p>El m\u00e1ximo persecutor del Ministerio P\u00fablico advirti\u00f3 que la escalada de estos delitos no ha logrado ser contenida, pese a los esfuerzos institucionales.<\/p>\n\n\n\n<p>&#8220;Hoy estamos enfrentando un fen\u00f3meno que ha ido increment\u00e1ndose en la capacidad log\u00edstica y se ha ido incrementando tambi\u00e9n en n\u00famero. Lo que preocupa es que ha ido creciendo, entonces tenemos que tomar medidas muy efectivas y con sentido de urgencia para detener este fen\u00f3meno&#8221;, afirm\u00f3 en entrevista con Canal 13.<\/p>\n\n\n\n<p>Seg\u00fan Valencia, &#8220;estamos mal, pero hemos estado trabajando para enfrentar esa nueva realidad. No hemos quedado pasivos (&#8230;) Estamos mal porque hemos ido empeorando&#8221;.<\/p>\n\n\n\n<p>Se observa una creciente participaci\u00f3n de bandas mixtas, donde la colaboraci\u00f3n entre ciudadanos extranjeros y connacionales se consolida en la ejecuci\u00f3n de il\u00edcitos.<\/p>\n\n\n\n<p>Subray\u00f3 que, a pesar de la mayor efectividad y la coordinaci\u00f3n entre instituciones, no se ha logrado frenar la tendencia al alza de los secuestros extorsivos: &#8220;Por eso es que me parece que estamos mal&#8221;, puntualiz\u00f3.<\/p>\n\n\n\n<p>Chile: Un &#8220;mercado inexplorado&#8221; para empresas criminales<\/p>\n\n\n\n<p>Para Valencia, la proliferaci\u00f3n de secuestros obedece a &#8220;factores m\u00faltiples&#8221;. Principalmente, identifica a Chile como un lugar atractivo para las organizaciones criminales.<\/p>\n\n\n\n<p>&#8220;Chile es un lugar rentable, es un mercado que no estaba explorado. Esa gente busca mercados, son empresas criminales. Hay que ir a un mercado que no hab\u00eda competencia para ello&#8221;, explic\u00f3 el persecutor, que advirti\u00f3 tambi\u00e9n de una falta de preparaci\u00f3n social.<\/p>\n\n\n\n<p>&#8220;Llegaron y entraron a operar. No tenemos todav\u00eda suficiente cultura interna en la sociedad de c\u00f3mo se enfrentan los secuestros&#8221;, agreg\u00f3.<\/p>\n\n\n\n<p>Seg\u00fan advirti\u00f3 Valencia, los delitos han mutado, afectando ahora a ciudadanos sin vinculaci\u00f3n con el bajo mundo, lo que representa una grave novedad.<\/p>\n\n\n\n<p>Cambio en perfil de las v\u00edctimas y composici\u00f3n de las bandas<\/p>\n\n\n\n<p>El fiscal nacional advirti\u00f3 tambi\u00e9n que este tipo de delitos &#8220;ha ido afectando a personas que no forman parte de la realidad del sector&#8221;, sino que se ha &#8220;comenzado a ver -con m\u00e1s frecuencia de lo esperado- secuestros que afectan a personas que no tienen ning\u00fan tipo de participaci\u00f3n delictual. Eso es grave&#8221;.<\/p>\n\n\n\n<p>&#8220;Lo que ve\u00edamos hace algunos a\u00f1os era un fen\u00f3meno que se caracterizaba porque hab\u00eda delincuentes que secuestraban a otros delincuentes, a veces para cobrar una deuda de drogas, o porque eran narcotraficantes y quer\u00edan cobrar un rescate. Pero no sal\u00eda de un c\u00edrculo m\u00e1s bien delictual o de parientes de los delincuentes&#8221;, contrast\u00f3.<\/p>\n\n\n\n<p>Otro punto relevante es la consolidaci\u00f3n de la &#8220;composici\u00f3n mixta&#8221; en las bandas criminales. Si bien inicialmente se asociaban estos delitos a extranjeros con situaciones irregulares, ahora se observa una colaboraci\u00f3n creciente.<\/p>\n\n\n\n<p>&#8220;Lamentablemente, en los \u00faltimos meses hemos comenzado a ver m\u00e1s actividades delictivas, en la cual hay colaboraci\u00f3n entre ciudadanos extranjeros, y tambi\u00e9n se han incorporado un grupo de chilenos al delito. Ya sea porque el chileno se lo encarga a extranjeros, o porque dentro de la banda o de la log\u00edstica participan chilenos&#8221;, detall\u00f3 el fiscal.<\/p>\n","protected":false},"excerpt":{"rendered":"<p>El jefe del Ministerio P\u00fablico subray\u00f3 la escalada en capacidad log\u00edstica y el n\u00famero de raptos, instando al Estado a tomar medidas urgentes. A juicio del persecutor, nuestro pa\u00eds es&hellip; <\/p>\n","protected":false},"author":1,"featured_media":8052,"comment_status":"closed","ping_status":"open","sticky":false,"template":"","format":"standard","meta":{"_siteseo_robots_primary_cat":"none","_monsterinsights_skip_tracking":false,"_monsterinsights_sitenote_active":false,"_monsterinsights_sitenote_note":"","_monsterinsights_sitenote_category":0,"footnotes":""},"categories":[10],"tags":[],"class_list":["post-8051","post","type-post","status-publish","format-standard","has-post-thumbnail","hentry","category-nacional"],"_links":{"self":[{"href":"https:\/\/chinchorrotelevision.cl\/ma\/wp-json\/wp\/v2\/posts\/8051","targetHints":{"allow":["GET"]}}],"collection":[{"href":"https:\/\/chinchorrotelevision.cl\/ma\/wp-json\/wp\/v2\/posts"}],"about":[{"href":"https:\/\/chinchorrotelevision.cl\/ma\/wp-json\/wp\/v2\/types\/post"}],"author":[{"embeddable":true,"href":"https:\/\/chinchorrotelevision.cl\/ma\/wp-json\/wp\/v2\/users\/1"}],"replies":[{"embeddable":true,"href":"https:\/\/chinchorrotelevision.cl\/ma\/wp-json\/wp\/v2\/comments?post=8051"}],"version-history":[{"count":1,"href":"https:\/\/chinchorrotelevision.cl\/ma\/wp-json\/wp\/v2\/posts\/8051\/revisions"}],"predecessor-version":[{"id":8054,"href":"https:\/\/chinchorrotelevision.cl\/ma\/wp-json\/wp\/v2\/posts\/8051\/revisions\/8054"}],"wp:featuredmedia":[{"embeddable":true,"href":"https:\/\/chinchorrotelevision.cl\/ma\/wp-json\/wp\/v2\/media\/8052"}],"wp:attachment":[{"href":"https:\/\/chinchorrotelevision.cl\/ma\/wp-json\/wp\/v2\/media?parent=8051"}],"wp:term":[{"taxonomy":"category","embeddable":true,"href":"https:\/\/chinchorrotelevision.cl\/ma\/wp-json\/wp\/v2\/categories?post=8051"},{"taxonomy":"post_tag","embeddable":true,"href":"https:\/\/chinchorrotelevision.cl\/ma\/wp-json\/wp\/v2\/tags?post=8051"}],"curies":[{"name":"wp","href":"https:\/\/api.w.org\/{rel}","templated":true}]}}