{"id":8025,"date":"2026-05-02T11:56:07","date_gmt":"2026-05-02T11:56:07","guid":{"rendered":"https:\/\/chinchorrotelevision.cl\/ma\/?p=8025"},"modified":"2026-05-02T11:56:08","modified_gmt":"2026-05-02T11:56:08","slug":"roces-entre-ministros-en-gobierno-de-kast","status":"publish","type":"post","link":"https:\/\/chinchorrotelevision.cl\/ma\/2026\/05\/02\/roces-entre-ministros-en-gobierno-de-kast\/","title":{"rendered":"ROCES ENTRE MINISTROS EN GOBIERNO DE KAST"},"content":{"rendered":"\n<figure class=\"wp-block-image size-full is-resized\"><img loading=\"lazy\" decoding=\"async\" width=\"710\" height=\"399\" src=\"https:\/\/chinchorrotelevision.cl\/ma\/wp-content\/uploads\/2026\/05\/a-poduje-1.jpg\" alt=\"\" class=\"wp-image-8031\" style=\"width:836px;height:auto\" srcset=\"https:\/\/chinchorrotelevision.cl\/ma\/wp-content\/uploads\/2026\/05\/a-poduje-1.jpg 710w, https:\/\/chinchorrotelevision.cl\/ma\/wp-content\/uploads\/2026\/05\/a-poduje-1-300x169.jpg 300w\" sizes=\"auto, (max-width: 710px) 100vw, 710px\" \/><\/figure>\n\n\n\n<p>El estilo de Poduje a 50 d\u00edas de asumir en el GobiernoEl titular del Minvu ha sumado tensi\u00f3n al ambiente al interior del Ejecutivo, el que ya ven\u00eda atravesando un momento complejo por la minuta con los presuntos recortes instruidos por Hacienda. 01 de Mayo de 2026 | 21:00 | Redactado por Daniela Toro, Emol.98 De izquierda a derecha: presidenta del Senado, Paulina N\u00fa\u00f1ez (RN); ministro de Vivienda, Iv\u00e1n Poduje; y ministro de Hacienda, Jorge Quiroz. Emol.El ministro de Vivienda y Urbanismo, Iv\u00e1n Poduje, ha tenido un desempe\u00f1o que, por un lado ha sido valorado por la ciudadan\u00eda -de acuerdo a los sondeos de las primeras semanas del gobierno-, pero que no ha estado ajeno a un protagonismo controversial. Y es que Poduje ha protagonizado una serie de pol\u00e9micas y enfrentamientos, en una l\u00f3gica de decir las cosas directamente, pero no sin evitar enfrascarse en pol\u00e9micas. Ha ocurrido con vecinos, parlamentarios, y ahora con sus propios compa\u00f1eros de gabinete. NOTICIA RELACIONADA \u00bfQu\u00e9 hacer con Poduje?: Negativa del ministro a ajuste de Quiroz desata molestia oficialista y abre dilema para Kast 158 Los recortes que ha instru\u00eddo hacienda, especialmente en programas sociales de distintas carteras, ha abierto un flanco interno en el propio Ejecutivo, a ra\u00edz de voces oficialistas que cuestionan la forma en que el Segundo Piso de La Moneda est\u00e1 siendo capaz de gestionar las comunicaciones. En ese contexto, Poduje no qued\u00f3 atr\u00e1s: en s\u00f3lo una semana, se enfrasc\u00f3 en una disputa por la Ley de Humedales, respondi\u00f3 a los emplazamientos de la mesa del Senado y ayer dijo que no recortar\u00eda algunos de los programas que el ministro de Hacienda, Jorge Quiroz, pidi\u00f3 &#8220;revisar&#8221; o &#8220;descontinuar&#8221; en el Minvu. Se trata de un estilo que dio luces de ser controversial desde que a\u00fan estaba en calidad de designado como ministro de Vivienda, y pese a que durante unas semanas parec\u00eda haber dejado de destacar por sus pol\u00e9micas, volvi\u00f3 a abrir flancos, en un momento que adem\u00e1s resulta relevante para el Ejecutivo, desde donde buscan los votos para el proyecto de &#8220;Reconstrucci\u00f3n Nacional&#8221;. Enfrentamiento con \u00d1\u00fa\u00f1ez El enfrentamiento de Poduje con la presidenta del Senado, Paulina \u00d1\u00fanez (RN), surgi\u00f3 esta semana, a ra\u00edz de la controversia que el titular de Hacienda protagoniz\u00f3 con el asesor del senador Alfonso De Urresti (PS), y la cr\u00edtica que hizo el secretario de Estado a la Ley de Humedales. &#8220;Valdivia est\u00e1 considerada como ciudad Humedal&#8221;, sostuvo el asesor del parlamentario y Poduje respondi\u00f3: &#8220;D\u00edgale a las familias eso pues (&#8230;). \u00bfY ocho a\u00f1os le parece algo decente, por esta locura que hizo este senador (De Urresti) con la Ley de Humedales?&#8221;. NOTICIAS RELACIONADAS Mesa del Senado reprueba conducta de Poduje y acusan &#8220;un debate que no est\u00e1 a la altura de los grandes temas&#8221; 200 Senador De Urresti arremete contra ministro Poduje: &#8220;Ordinario&#8221;, &#8220;ignorancia&#8221;, &#8220;simplismo&#8221; 224 Sobre esto, N\u00fa\u00f1ez dijo en X que &#8220;la ley de humedales impulsada por el senador de Urresti tuvo apoyos transversales. Respeto a la discusi\u00f3n democr\u00e1tica y al rol de los poderes del Estado&#8221;. Poduje replic\u00f3 que &#8220;como Ministro de Vivienda yo debo preocuparme de las familias sin casa, senadora. Eso incluye aquellas que han debido esperar 8 a\u00f1os por una muy mala ley de humedales, como las que conoc\u00ed hoy en Guacamayo Valdivia&#8221;. El cruce no s\u00f3lo llev\u00f3 a que la mesa del Senado realizara una respuesta institucional para reprobar la conducta de Poduje, sino que Urrutia, advirti\u00f3 sobre el impacto que podr\u00edan tener estas situaciones para la tramitaci\u00f3n del proyecto de Reconstrucci\u00f3n Nacional. Lejos de terminar ah\u00ed la pol\u00e9mica, el Minvu desvincul\u00f3 a dos funcionarios cercanos a la senadora, decisi\u00f3n que habr\u00eda tomado el propio Poduje por &#8220;falta de confianza&#8221;. &#8220;Efectivamente esas personas fueron desvinculadas. pero tambi\u00e9n quiero agradecerle al Gobierno que est\u00e9 avanzando y est\u00e9 por concretar la vinculaci\u00f3n nuevamente de esas personas&#8221;, asegur\u00f3 \u00d1\u00fa\u00f1ez al respecto. En esa l\u00ednea, puntualiz\u00f3 que &#8220;lo que s\u00ed me tengo que preocupar es que efectivamente esto no se transforme en pasadas de cuenta de un lado para otro, al contrario, tenemos que meternos en la cabeza que la \u00fanica manera que al pa\u00eds le vaya bien es que trabajemos todos unidos, y para m\u00ed eso es una cuesti\u00f3n b\u00e1sica, y mi responsabilidad es que en el Senado se produzca un debate de ideas, no pasadas de cuenta y menos un debate ideologizado&#8221;. Cruce con Quiroz &#8220;Yo tengo un solo jefe, se llama Jos\u00e9 Antonio Kast, es el Presidente de Chile, \u00e9l es mi \u00fanico jefe, yo me debo a \u00e9l y a los chilenos. El ministro Quiroz es un ministro m\u00e1s entre muchos de los que hay, como la ministra Trinidad Steinert&#8221;. Esas fueron las palabras con las que Poduje sali\u00f3 a rebelarse contra la instrucci\u00f3n del titular de Hacienda, y se\u00f1alar que no recortar\u00eda los programas de Pavimento Participativo y Mejoramiento de Condominios Sociales. Es m\u00e1s: horas despu\u00e9s de esas declaraciones, el titular del Minvu subi\u00f3 un video a sus redes sociales donde comunic\u00f3 la firma de la selecci\u00f3n de proyectos del programa Pavimentos Participativos &#8220;con una inversi\u00f3n hist\u00f3rica de $46 mil millones&#8221;, destac\u00f3. Pero esta no es la primera vez en que Poduje apunta a Hacienda. El pasado 21 de abril, advirti\u00f3 que ayer, 30 de abril, al ministerio se le acababan los recursos para la reconstrucci\u00f3n de viviendas destruidas por los incendios. &#8220;Le\u00eda que se va a aprobar en septiembre (el proyecto). No nos sirve. A m\u00ed se me acaba la plata para reconstrucci\u00f3n el 30 de abril, as\u00ed que necesito la plata para reconstruir antes&#8221;, subray\u00f3. Se le pregunt\u00f3 c\u00f3mo se continuar\u00e1 adelante con la labor al cumplirse el plazo, ante lo que repar\u00f3 &#8220;eso lo tiene que resolver el ministro Quiroz. \u00c9l me tendr\u00e1 que pasar la plata para que nosotros podamos reconstruir el 30 de abril&#8221;.<\/p>\n","protected":false},"excerpt":{"rendered":"<p>El estilo de Poduje a 50 d\u00edas de asumir en el GobiernoEl titular del Minvu ha sumado tensi\u00f3n al ambiente al interior del Ejecutivo, el que ya ven\u00eda atravesando un&hellip; <\/p>\n","protected":false},"author":1,"featured_media":8028,"comment_status":"closed","ping_status":"open","sticky":false,"template":"","format":"standard","meta":{"_siteseo_robots_primary_cat":"none","_monsterinsights_skip_tracking":false,"_monsterinsights_sitenote_active":false,"_monsterinsights_sitenote_note":"","_monsterinsights_sitenote_category":0,"footnotes":""},"categories":[10],"tags":[],"class_list":["post-8025","post","type-post","status-publish","format-standard","has-post-thumbnail","hentry","category-nacional"],"_links":{"self":[{"href":"https:\/\/chinchorrotelevision.cl\/ma\/wp-json\/wp\/v2\/posts\/8025","targetHints":{"allow":["GET"]}}],"collection":[{"href":"https:\/\/chinchorrotelevision.cl\/ma\/wp-json\/wp\/v2\/posts"}],"about":[{"href":"https:\/\/chinchorrotelevision.cl\/ma\/wp-json\/wp\/v2\/types\/post"}],"author":[{"embeddable":true,"href":"https:\/\/chinchorrotelevision.cl\/ma\/wp-json\/wp\/v2\/users\/1"}],"replies":[{"embeddable":true,"href":"https:\/\/chinchorrotelevision.cl\/ma\/wp-json\/wp\/v2\/comments?post=8025"}],"version-history":[{"count":1,"href":"https:\/\/chinchorrotelevision.cl\/ma\/wp-json\/wp\/v2\/posts\/8025\/revisions"}],"predecessor-version":[{"id":8032,"href":"https:\/\/chinchorrotelevision.cl\/ma\/wp-json\/wp\/v2\/posts\/8025\/revisions\/8032"}],"wp:featuredmedia":[{"embeddable":true,"href":"https:\/\/chinchorrotelevision.cl\/ma\/wp-json\/wp\/v2\/media\/8028"}],"wp:attachment":[{"href":"https:\/\/chinchorrotelevision.cl\/ma\/wp-json\/wp\/v2\/media?parent=8025"}],"wp:term":[{"taxonomy":"category","embeddable":true,"href":"https:\/\/chinchorrotelevision.cl\/ma\/wp-json\/wp\/v2\/categories?post=8025"},{"taxonomy":"post_tag","embeddable":true,"href":"https:\/\/chinchorrotelevision.cl\/ma\/wp-json\/wp\/v2\/tags?post=8025"}],"curies":[{"name":"wp","href":"https:\/\/api.w.org\/{rel}","templated":true}]}}