{"id":8017,"date":"2026-05-02T11:53:35","date_gmt":"2026-05-02T11:53:35","guid":{"rendered":"https:\/\/chinchorrotelevision.cl\/ma\/?p=8017"},"modified":"2026-05-02T11:53:36","modified_gmt":"2026-05-02T11:53:36","slug":"multitudinarias-marchas-por-el-dia-del-trabajador-en-chile-causan-destrozos","status":"publish","type":"post","link":"https:\/\/chinchorrotelevision.cl\/ma\/2026\/05\/02\/multitudinarias-marchas-por-el-dia-del-trabajador-en-chile-causan-destrozos\/","title":{"rendered":"MULTITUDINARIAS MARCHAS POR EL D\u00cdA DEL TRABAJADOR EN CHILE CAUSAN DESTROZOS"},"content":{"rendered":"\n<figure class=\"wp-block-image size-full is-resized\"><img loading=\"lazy\" decoding=\"async\" width=\"609\" height=\"309\" src=\"https:\/\/chinchorrotelevision.cl\/ma\/wp-content\/uploads\/2026\/05\/A-PARO-1.jpg\" alt=\"\" class=\"wp-image-8023\" style=\"width:823px;height:auto\" srcset=\"https:\/\/chinchorrotelevision.cl\/ma\/wp-content\/uploads\/2026\/05\/A-PARO-1.jpg 609w, https:\/\/chinchorrotelevision.cl\/ma\/wp-content\/uploads\/2026\/05\/A-PARO-1-300x152.jpg 300w\" sizes=\"auto, (max-width: 609px) 100vw, 609px\" \/><\/figure>\n\n\n\n<p>La Central Unitaria de Trabajadores y la Central Clasista convocaron marchas que unieron a trabajadores y estudiantes, exigiendo la defensa de programas sociales y un salario vital.<\/p>\n\n\n\n<p>Diversos incidentes se registraron este 1 de mayo en el centro de Santiago, en medio de las movilizaciones convocadas por el D\u00eda Internacional del Trabajador. Los hechos m\u00e1s tensos ocurrieron en el eje Alameda, especialmente en sectores de Estaci\u00f3n Central, Matucana, Bascu\u00f1\u00e1n Guerrero y las inmediaciones de la Universidad de Santiago, donde manifestantes se enfrentaron con personal de Carabineros.<\/p>\n\n\n\n<p>Seg\u00fan inform\u00f3 la Prefectura Central, grupos de encapuchados lanzaron fuegos artificiales en puntos como Bascu\u00f1\u00e1n con Alameda y las cercan\u00edas de la estaci\u00f3n Uni\u00f3n Latinoamericana. La instituci\u00f3n advirti\u00f3 que estas acciones pusieron en riesgo a transe\u00fantes y llam\u00f3 a preferir v\u00edas alternativas, adem\u00e1s de circular con precauci\u00f3n por la zona.<\/p>\n\n\n\n<p>Producto de los des\u00f3rdenes, Metro de Santiago dispuso el cierre de varias estaciones de la L\u00ednea 1, entre ellas Alberto Hurtado, Universidad de Santiago, Estaci\u00f3n Central, Uni\u00f3n Latinoamericana, Rep\u00fablica y Los H\u00e9roes. La medida fue adoptada mientras la autoridad intentaba dispersar a los manifestantes mediante el uso de carros lanzaaguas y lanzagases.<\/p>\n\n\n\n<p>Contra las medidas del gobierno<\/p>\n\n\n\n<p>Los sucesos se concentraron principalmente en la marcha convocada por la Central Clasista de Trabajadoras y Trabajadores. En el sector se reportaron da\u00f1os al mobiliario p\u00fablico, se\u00f1al\u00e9ticas, paraderos, sem\u00e1foros, luminarias y c\u00e1maras de seguridad, adem\u00e1s de barricadas menores y escombros en la v\u00eda.<\/p>\n\n\n\n<p>En paralelo, la Central Unitaria de Trabajadores desarroll\u00f3 su propia movilizaci\u00f3n por el centro de la capital, con un trayecto desde los alrededores de La Moneda hasta el Centro Cultural Gabriela Mistral. Esta convocatoria reuni\u00f3 a trabajadores, estudiantes, organizaciones sociales, agrupaciones populares y sectores que cuestionan las pol\u00edticas laborales y sociales de la administraci\u00f3n de Jos\u00e9 Antonio Kast.<\/p>\n\n\n\n<p>La voz de los manifestantes<\/p>\n\n\n\n<p>La CUT plante\u00f3 que la jornada busca visibilizar demandas transversales, entre ellas la defensa de programas sociales, el rechazo a recortes estatales, la cr\u00edtica a beneficios tributarios para grandes empresas y la exigencia de avanzar hacia un salario vital.<\/p>\n\n\n\n<p>Una de las consignas centrales de la manifestaci\u00f3n fue: &#8216;Los trabajadores, junto a alumnos, pobladores y asociaciones sociales, somos la fuerza que mueve a Chile&#8217;.<\/p>\n\n\n\n<p>Jornada de lucha<\/p>\n\n\n\n<p>Durante la jornada se report\u00f3 una emergencia m\u00e9dica en Alameda con Matucana. De acuerdo con Carabineros, un hombre adulto que participaba en la marcha sufri\u00f3 una ca\u00edda en la v\u00eda p\u00fablica tras una aparente descompensaci\u00f3n. Personal policial permiti\u00f3 el ingreso de equipos de urgencia, que lo atendieron y trasladaron a un centro asistencial.<\/p>\n\n\n\n<p>Adem\u00e1s de Santiago, m\u00e1s de 30 manifestaciones y actos fueron convocados en distintas ciudades del pa\u00eds, entre ellas Valpara\u00edso, Concepci\u00f3n, Valdivia, Iquique, Antofagasta, Copiap\u00f3, Talca, Osorno, Coyhaique y Punta Arenas. Las movilizaciones se realizaron en el marco de una jornada nacional de protesta y conmemoraci\u00f3n por los derechos de los trabajadores.<\/p>\n","protected":false},"excerpt":{"rendered":"<p>La Central Unitaria de Trabajadores y la Central Clasista convocaron marchas que unieron a trabajadores y estudiantes, exigiendo la defensa de programas sociales y un salario vital. Diversos incidentes se&hellip; <\/p>\n","protected":false},"author":1,"featured_media":8022,"comment_status":"closed","ping_status":"open","sticky":false,"template":"","format":"standard","meta":{"_siteseo_robots_primary_cat":"none","_monsterinsights_skip_tracking":false,"_monsterinsights_sitenote_active":false,"_monsterinsights_sitenote_note":"","_monsterinsights_sitenote_category":0,"footnotes":""},"categories":[10],"tags":[],"class_list":["post-8017","post","type-post","status-publish","format-standard","has-post-thumbnail","hentry","category-nacional"],"_links":{"self":[{"href":"https:\/\/chinchorrotelevision.cl\/ma\/wp-json\/wp\/v2\/posts\/8017","targetHints":{"allow":["GET"]}}],"collection":[{"href":"https:\/\/chinchorrotelevision.cl\/ma\/wp-json\/wp\/v2\/posts"}],"about":[{"href":"https:\/\/chinchorrotelevision.cl\/ma\/wp-json\/wp\/v2\/types\/post"}],"author":[{"embeddable":true,"href":"https:\/\/chinchorrotelevision.cl\/ma\/wp-json\/wp\/v2\/users\/1"}],"replies":[{"embeddable":true,"href":"https:\/\/chinchorrotelevision.cl\/ma\/wp-json\/wp\/v2\/comments?post=8017"}],"version-history":[{"count":1,"href":"https:\/\/chinchorrotelevision.cl\/ma\/wp-json\/wp\/v2\/posts\/8017\/revisions"}],"predecessor-version":[{"id":8024,"href":"https:\/\/chinchorrotelevision.cl\/ma\/wp-json\/wp\/v2\/posts\/8017\/revisions\/8024"}],"wp:featuredmedia":[{"embeddable":true,"href":"https:\/\/chinchorrotelevision.cl\/ma\/wp-json\/wp\/v2\/media\/8022"}],"wp:attachment":[{"href":"https:\/\/chinchorrotelevision.cl\/ma\/wp-json\/wp\/v2\/media?parent=8017"}],"wp:term":[{"taxonomy":"category","embeddable":true,"href":"https:\/\/chinchorrotelevision.cl\/ma\/wp-json\/wp\/v2\/categories?post=8017"},{"taxonomy":"post_tag","embeddable":true,"href":"https:\/\/chinchorrotelevision.cl\/ma\/wp-json\/wp\/v2\/tags?post=8017"}],"curies":[{"name":"wp","href":"https:\/\/api.w.org\/{rel}","templated":true}]}}