{"id":8008,"date":"2026-04-30T12:18:54","date_gmt":"2026-04-30T12:18:54","guid":{"rendered":"https:\/\/chinchorrotelevision.cl\/ma\/?p=8008"},"modified":"2026-04-30T12:18:55","modified_gmt":"2026-04-30T12:18:55","slug":"presidente-peruano-alemania-fue-empujada-a-una-guerra-en-parte-por-los-judios","status":"publish","type":"post","link":"https:\/\/chinchorrotelevision.cl\/ma\/2026\/04\/30\/presidente-peruano-alemania-fue-empujada-a-una-guerra-en-parte-por-los-judios\/","title":{"rendered":"PRESIDENTE PERUANO: &#8220;ALEMANIA FUE EMPUJADA A UNA GUERRA, EN PARTE, POR LOS JUD\u00cdOS&#8221;"},"content":{"rendered":"\n<p><strong><em>Periodista Digital: EFE<\/em><\/strong><\/p>\n\n\n\n<figure class=\"wp-block-image size-full is-resized\"><img loading=\"lazy\" decoding=\"async\" width=\"649\" height=\"365\" src=\"https:\/\/chinchorrotelevision.cl\/ma\/wp-content\/uploads\/2026\/04\/a-per-1.jpg\" alt=\"\" class=\"wp-image-8014\" style=\"width:840px;height:auto\" srcset=\"https:\/\/chinchorrotelevision.cl\/ma\/wp-content\/uploads\/2026\/04\/a-per-1.jpg 649w, https:\/\/chinchorrotelevision.cl\/ma\/wp-content\/uploads\/2026\/04\/a-per-1-300x169.jpg 300w\" sizes=\"auto, (max-width: 649px) 100vw, 649px\" \/><\/figure>\n\n\n\n<p>Jos\u00e9 Mar\u00eda Balc\u00e1zar recibi\u00f3 el repudio de esa comunidad en su pa\u00eds, por justificar el conflicto al se\u00f1alar que &#8220;controlaban todos los bancos, todo el comercio y hac\u00edan usura&#8221;.<\/p>\n\n\n\n<p>Ante los llamados a disculparse, el mandatario interino aclar\u00f3 que estaba citando a un autor espa\u00f1ol, y lament\u00f3 haber generado &#8220;una percepci\u00f3n equ\u00edvoca&#8221;.<\/p>\n\n\n\n<p>Casi 24 horas despu\u00e9s de pronunciar estos dichos, el gobernante precis\u00f3 que \u00e9stos reflejan opiniones vertidas en el libro &#8220;Los enemigos del comercio&#8221;, y tom\u00f3 distancia de las mismas.<\/p>\n\n\n\n<p>El presidente de transici\u00f3n de Per\u00fa, Jos\u00e9 Mar\u00eda Balc\u00e1zar, afirm\u00f3 que Alemania &#8220;fue empujada a una guerra tambi\u00e9n por culpa, en parte, de los jud\u00edos&#8221;, una declaraci\u00f3n que gener\u00f3 el rechazo y la protesta de los integrantes de la comunidad judeoperuana.<\/p>\n\n\n\n<p>Durante un discurso que ofreci\u00f3 este martes en la C\u00e1mara de Comercio de Lima (CCL) por los 138 a\u00f1os de esta instituci\u00f3n, el gobernante mencion\u00f3 el libro &#8220;Los enemigos del comercio&#8221;, del espa\u00f1ol Antonio Escohotado, para enumerar una serie de momentos hist\u00f3ricos sobre el desarrollo del comercio.<\/p>\n\n\n\n<p>En ese sentido, se\u00f1al\u00f3 que hay que saber &#8220;c\u00f3mo nacieron las letras de cambio, c\u00f3mo se movi\u00f3 el comercio internacional&#8221;, y que tambi\u00e9n se debe recordar &#8220;qu\u00e9 papel tuvieron los jud\u00edos en el comercio internacional y nacional en Alemania&#8221;.<\/p>\n\n\n\n<p>&#8220;C\u00f3mo es que Alemania fue empujada a una guerra tambi\u00e9n por culpa, en parte, de los jud\u00edos&#8221;, sostuvo ante el auditorio antes de agregar que esto sucedi\u00f3 &#8220;porque controlaban todos los bancos, todo el comercio y hac\u00edan usura&#8221;.<\/p>\n\n\n\n<p>&#8220;Todos esos detalles tambi\u00e9n hist\u00f3ricos es necesario recordar a trav\u00e9s de Escohotado, mientras nos preparemos mejor y reconozcamos cu\u00e1l ha sido la historia y la viacrucis que han pasado los hermanos que se dedican al comercio&#8221;, sostuvo.<\/p>\n\n\n\n<p><strong>Repudio de Alemania e Israel, y la comunidad peruano-jud\u00eda<\/strong><\/p>\n\n\n\n<p>Las declaraciones del gobernante pasaron desapercibidas en un primer momento, pero este mi\u00e9rcoles comenzaron a ser replicadas por medios locales, generando reacciones de miembros de la comunidad peruano-jud\u00eda.<\/p>\n\n\n\n<p>Por ejemplo, el abogado y analista pol\u00edtico Jeffrey Radzinsky, expres\u00f3 su rechazo en la red social X: &#8220;Como peruano y jud\u00edo, mi cr\u00edtica a los comentarios del presidente Balc\u00e1zar. Sus prejuicios y mentiras refuerzan estereotipos antisemitas&#8221;.<\/p>\n\n\n\n<p>Posteriormente, la Asociaci\u00f3n Jud\u00eda del Per\u00fa (AJP) mostr\u00f3 su &#8220;estupor&#8221; ante las expresiones del gobernante, y sostuvo que &#8220;es incre\u00edble que en pleno siglo XXI argumentos que son dignos de oscuros tiempos medievales sean usados para culpar a las v\u00edctimas de su propio holocausto&#8221;.<\/p>\n\n\n\n<p>Tras repudiar &#8220;estas lamentables expresiones&#8221;, la asociaci\u00f3n dijo esperar &#8220;una pronta disculpa p\u00fablica de quien nos representa a todos los peruanos&#8221;.<\/p>\n\n\n\n<p>M\u00e1s tarde, las embajadas de Alemania y de Israel en Per\u00fa emitieron un comunicado conjunto contra estos dichos: &#8220;Debemos rechazar todas las formas de antisemitismo y odio, prevenirlas y erradicarlas. Esperamos que el presidente Balc\u00e1zar se retracte de sus declaraciones&#8221;.<\/p>\n\n\n\n<p>&#8220;La afirmaci\u00f3n de que los jud\u00edos controlaban el comercio alem\u00e1n y el sistema bancario alem\u00e1n, y que por lo tanto, empujaron a los alemanes a la II Guerra Mundial, es absurda, hist\u00f3ricamente insostenible y viola toda la memoria de millones de ciudadanos jud\u00edos alemanes asesinados por los nazis (&#8230;) Cabe recordar que fueron Adolf Hitler y los nazis quienes iniciaron la II Guerra Mundial al atacar Polonia en 1939&#8221;, reafirma el escrito.<\/p>\n\n\n\n<p>Asimismo, remarcaron que &#8220;la ideolog\u00eda nazi, racista y antisemita no solo discrimin\u00f3 a sus ciudadanos jud\u00edos, sino que result\u00f3 en el asesinato de seis millones de jud\u00edos en campos de concentraci\u00f3n&#8221;, de modo que &#8220;el antisemitismo no puede ser trivializado bajo ninguna circunstancia&#8221;.<\/p>\n\n\n\n<p>Balc\u00e1zar lament\u00f3 &#8220;percepci\u00f3n equ\u00edvoca&#8221; de sus declaraciones<\/p>\n\n\n\n<p>Finalmente, a trav\u00e9s de un comunicado de la Presidencia de Per\u00fa, el mandatario interino lament\u00f3 que sus recientes declaraciones hayan generado &#8220;una percepci\u00f3n equ\u00edvoca&#8221; sobre el pueblo jud\u00edo en el inicio de la II Guerra Mundial.<\/p>\n\n\n\n<p>Seg\u00fan el texto, estos dichos reflejaban la opini\u00f3n del autor espa\u00f1ol Antonio Escohotado, en el libro &#8220;Los enemigos del comercio&#8221;, sobre el desarrollo comercial y econ\u00f3mico europeo.<\/p>\n\n\n\n<p>En tal sentido, el despacho presidencial expres\u00f3 que el Estado peruano ha sostenido consistentemente que &#8220;el fanatismo nazi fue la causa de aquella deflagraci\u00f3n b\u00e9lica y culpable del imperdonable genocidio del pueblo jud\u00edo&#8221;.<\/p>\n\n\n\n<p>&#8220;Esta hist\u00f3rica posici\u00f3n, que llev\u00f3 al Per\u00fa a apoyar firmemente la creaci\u00f3n del Estado de Israel, se mantiene invariable&#8221;, apunt\u00f3.<\/p>\n\n\n\n<p>Por lo anterior, subray\u00f3 que &#8220;Balc\u00e1zar expresa su m\u00e1s en\u00e9rgico rechazo al genocidio cometido contra el pueblo jud\u00edo en el marco de la II Guerra Mundial, reitera su condena contra el antisemitismo y toda clase de discriminaci\u00f3n, y expresa su solidaridad con las v\u00edctimas del holocausto&#8221;.<\/p>\n","protected":false},"excerpt":{"rendered":"<p>Periodista Digital: EFE Jos\u00e9 Mar\u00eda Balc\u00e1zar recibi\u00f3 el repudio de esa comunidad en su pa\u00eds, por justificar el conflicto al se\u00f1alar que &#8220;controlaban todos los bancos, todo el comercio y&hellip; <\/p>\n","protected":false},"author":1,"featured_media":8013,"comment_status":"closed","ping_status":"open","sticky":false,"template":"","format":"standard","meta":{"_siteseo_robots_primary_cat":"none","_monsterinsights_skip_tracking":false,"_monsterinsights_sitenote_active":false,"_monsterinsights_sitenote_note":"","_monsterinsights_sitenote_category":0,"footnotes":""},"categories":[11],"tags":[],"class_list":["post-8008","post","type-post","status-publish","format-standard","has-post-thumbnail","hentry","category-internacional"],"_links":{"self":[{"href":"https:\/\/chinchorrotelevision.cl\/ma\/wp-json\/wp\/v2\/posts\/8008","targetHints":{"allow":["GET"]}}],"collection":[{"href":"https:\/\/chinchorrotelevision.cl\/ma\/wp-json\/wp\/v2\/posts"}],"about":[{"href":"https:\/\/chinchorrotelevision.cl\/ma\/wp-json\/wp\/v2\/types\/post"}],"author":[{"embeddable":true,"href":"https:\/\/chinchorrotelevision.cl\/ma\/wp-json\/wp\/v2\/users\/1"}],"replies":[{"embeddable":true,"href":"https:\/\/chinchorrotelevision.cl\/ma\/wp-json\/wp\/v2\/comments?post=8008"}],"version-history":[{"count":1,"href":"https:\/\/chinchorrotelevision.cl\/ma\/wp-json\/wp\/v2\/posts\/8008\/revisions"}],"predecessor-version":[{"id":8015,"href":"https:\/\/chinchorrotelevision.cl\/ma\/wp-json\/wp\/v2\/posts\/8008\/revisions\/8015"}],"wp:featuredmedia":[{"embeddable":true,"href":"https:\/\/chinchorrotelevision.cl\/ma\/wp-json\/wp\/v2\/media\/8013"}],"wp:attachment":[{"href":"https:\/\/chinchorrotelevision.cl\/ma\/wp-json\/wp\/v2\/media?parent=8008"}],"wp:term":[{"taxonomy":"category","embeddable":true,"href":"https:\/\/chinchorrotelevision.cl\/ma\/wp-json\/wp\/v2\/categories?post=8008"},{"taxonomy":"post_tag","embeddable":true,"href":"https:\/\/chinchorrotelevision.cl\/ma\/wp-json\/wp\/v2\/tags?post=8008"}],"curies":[{"name":"wp","href":"https:\/\/api.w.org\/{rel}","templated":true}]}}