{"id":7992,"date":"2026-04-30T12:05:22","date_gmt":"2026-04-30T12:05:22","guid":{"rendered":"https:\/\/chinchorrotelevision.cl\/ma\/?p=7992"},"modified":"2026-04-30T12:05:23","modified_gmt":"2026-04-30T12:05:23","slug":"mas-de-70-muertes-diarias-en-chile-por-cancer","status":"publish","type":"post","link":"https:\/\/chinchorrotelevision.cl\/ma\/2026\/04\/30\/mas-de-70-muertes-diarias-en-chile-por-cancer\/","title":{"rendered":"MAS DE 70 MUERTES DIARIAS EN CHILE POR CANCER"},"content":{"rendered":"\n<p><strong><em>Por Paz Bustos<\/em><\/strong><\/p>\n\n\n\n<figure class=\"wp-block-image size-full is-resized\"><img loading=\"lazy\" decoding=\"async\" width=\"633\" height=\"314\" src=\"https:\/\/chinchorrotelevision.cl\/ma\/wp-content\/uploads\/2026\/04\/a-cancer-1.jpg\" alt=\"\" class=\"wp-image-7996\" style=\"aspect-ratio:2.015996361017399;width:840px;height:auto\" srcset=\"https:\/\/chinchorrotelevision.cl\/ma\/wp-content\/uploads\/2026\/04\/a-cancer-1.jpg 633w, https:\/\/chinchorrotelevision.cl\/ma\/wp-content\/uploads\/2026\/04\/a-cancer-1-300x149.jpg 300w\" sizes=\"auto, (max-width: 633px) 100vw, 633px\" \/><\/figure>\n\n\n\n<p><\/p>\n\n\n\n<p>Alicia Aravena, directora ejecutiva del Observatorio del C\u00e1ncer, calific\u00f3 como cr\u00edtico que mueran m\u00e1s de 70 personas al d\u00eda en Chile por la enfermedad y exigi\u00f3 que el Plan de Alerta Oncol\u00f3gica inicie tratamientos reales antes del 30 de septiembre, fecha en la que vence el plazo. \u201cEl Estado le ha fallado a los ciudadanos. No ha cumplido con la garant\u00eda legal que se ha comprometido a dar a los pacientes en un proceso donde el tiempo es vida\u201d, sentenci\u00f3.<\/p>\n\n\n\n<p>Adem\u00e1s, denunci\u00f3 en Universo al D\u00edA una grave brecha territorial donde la falta de centros regionales condiciona la supervivencia seg\u00fan el lugar de residencia. Al respecto, Aravena fue tajante: \u201cSi me da en Antofagasta tengo m\u00e1s opciones de morir que si me da en Santiago. Antofagasta absorbe todo el c\u00e1ncer que debe tratarse desde Arica a Copiap\u00f3. Se requiere una mirada m\u00e1s profunda respecto a la realidad de nuestro pa\u00eds\u201d<\/p>\n","protected":false},"excerpt":{"rendered":"<p>Por Paz Bustos Alicia Aravena, directora ejecutiva del Observatorio del C\u00e1ncer, calific\u00f3 como cr\u00edtico que mueran m\u00e1s de 70 personas al d\u00eda en Chile por la enfermedad y exigi\u00f3 que&hellip; <\/p>\n","protected":false},"author":1,"featured_media":7993,"comment_status":"closed","ping_status":"open","sticky":false,"template":"","format":"standard","meta":{"_siteseo_robots_primary_cat":"none","_monsterinsights_skip_tracking":false,"_monsterinsights_sitenote_active":false,"_monsterinsights_sitenote_note":"","_monsterinsights_sitenote_category":0,"footnotes":""},"categories":[10],"tags":[],"class_list":["post-7992","post","type-post","status-publish","format-standard","has-post-thumbnail","hentry","category-nacional"],"_links":{"self":[{"href":"https:\/\/chinchorrotelevision.cl\/ma\/wp-json\/wp\/v2\/posts\/7992","targetHints":{"allow":["GET"]}}],"collection":[{"href":"https:\/\/chinchorrotelevision.cl\/ma\/wp-json\/wp\/v2\/posts"}],"about":[{"href":"https:\/\/chinchorrotelevision.cl\/ma\/wp-json\/wp\/v2\/types\/post"}],"author":[{"embeddable":true,"href":"https:\/\/chinchorrotelevision.cl\/ma\/wp-json\/wp\/v2\/users\/1"}],"replies":[{"embeddable":true,"href":"https:\/\/chinchorrotelevision.cl\/ma\/wp-json\/wp\/v2\/comments?post=7992"}],"version-history":[{"count":1,"href":"https:\/\/chinchorrotelevision.cl\/ma\/wp-json\/wp\/v2\/posts\/7992\/revisions"}],"predecessor-version":[{"id":7998,"href":"https:\/\/chinchorrotelevision.cl\/ma\/wp-json\/wp\/v2\/posts\/7992\/revisions\/7998"}],"wp:featuredmedia":[{"embeddable":true,"href":"https:\/\/chinchorrotelevision.cl\/ma\/wp-json\/wp\/v2\/media\/7993"}],"wp:attachment":[{"href":"https:\/\/chinchorrotelevision.cl\/ma\/wp-json\/wp\/v2\/media?parent=7992"}],"wp:term":[{"taxonomy":"category","embeddable":true,"href":"https:\/\/chinchorrotelevision.cl\/ma\/wp-json\/wp\/v2\/categories?post=7992"},{"taxonomy":"post_tag","embeddable":true,"href":"https:\/\/chinchorrotelevision.cl\/ma\/wp-json\/wp\/v2\/tags?post=7992"}],"curies":[{"name":"wp","href":"https:\/\/api.w.org\/{rel}","templated":true}]}}