{"id":7976,"date":"2026-04-29T12:29:01","date_gmt":"2026-04-29T12:29:01","guid":{"rendered":"https:\/\/chinchorrotelevision.cl\/ma\/?p=7976"},"modified":"2026-04-29T12:29:02","modified_gmt":"2026-04-29T12:29:02","slug":"carla-ballero-y-su-actual-relacion-con-su-esposo-empresario-de-66-anos-20-anos-mas-que-ella","status":"publish","type":"post","link":"https:\/\/chinchorrotelevision.cl\/ma\/2026\/04\/29\/carla-ballero-y-su-actual-relacion-con-su-esposo-empresario-de-66-anos-20-anos-mas-que-ella\/","title":{"rendered":"CARLA BALLERO Y SU ACTUAL RELACI\u00d3N CON SU ESPOSO EMPRESARIO DE 66 A\u00d1OS, 20 A\u00d1OS M\u00c1S QUE ELLA"},"content":{"rendered":"\n<p><strong><em>Ignacio Hermosilla Periodista en BioBioChile<\/em><\/strong><\/p>\n\n\n\n<figure class=\"wp-block-image size-full is-resized\"><img loading=\"lazy\" decoding=\"async\" width=\"750\" height=\"400\" src=\"https:\/\/chinchorrotelevision.cl\/ma\/wp-content\/uploads\/2026\/04\/AKARL-1.jpg\" alt=\"\" class=\"wp-image-7982\" style=\"width:840px;height:auto\" srcset=\"https:\/\/chinchorrotelevision.cl\/ma\/wp-content\/uploads\/2026\/04\/AKARL-1.jpg 750w, https:\/\/chinchorrotelevision.cl\/ma\/wp-content\/uploads\/2026\/04\/AKARL-1-300x160.jpg 300w\" sizes=\"auto, (max-width: 750px) 100vw, 750px\" \/><\/figure>\n\n\n\n<p>Carla Ballero abord\u00f3 sin filtros su vida personal y el complejo v\u00ednculo que mantiene con su esposo, el empresario minero Ra\u00fal Fergie, de 66 a\u00f1os, con quien tiene una diferencia de edad de 20 a\u00f1os.<\/p>\n\n\n\n<p>Pese a haberse separado hace una d\u00e9cada, la comunicadora revel\u00f3 que actualmente volvieron a convivir.<\/p>\n\n\n\n<p>&#8220;Muy chico para m\u00ed&#8221;: Carla Ballero destapa detalles de fallida relaci\u00f3n con alcalde Tom\u00e1s Vodanovic<\/p>\n\n\n\n<p><strong>Carla Ballero y Ra\u00fal Fergie<\/strong><\/p>\n\n\n\n<p>En conversaci\u00f3n con Karla Constant en \u201cVecinos al l\u00edmite\u201d de Canal 13, Ballero defini\u00f3 su situaci\u00f3n sentimental: \u201cEstoy casada y nunca me divorci\u00e9, ni lo har\u00e9. Vivo con mi marido en casa\u201d.<\/p>\n\n\n\n<p>Seg\u00fan la ex Morand\u00e9 con Compa\u00f1\u00eda, con Fergie \u201cnos separamos hace diez a\u00f1os y volvimos a vivir juntos hace tres o cuatro a\u00f1os\u201d.<\/p>\n\n\n\n<p>En ese contexto, la exfigura televisiva aludi\u00f3 brevemente a una etapa de adicciones que impact\u00f3 su vida personal y familiar, vinculada a los inicios de su relaci\u00f3n.<\/p>\n\n\n\n<p>\u201cYo no lo sab\u00eda cuando lo conoc\u00ed\u2026 \u00e9l ten\u00eda una adicci\u00f3n. Pero yo no abandono a la gente\u201d, relat\u00f3, agregando que la situaci\u00f3n deriv\u00f3 en una crisis que tambi\u00e9n la afect\u00f3 a ella.<\/p>\n\n\n\n<p>Sin profundizar en ese periodo, Ballero reconoci\u00f3 que logr\u00f3 salir adelante: \u201cSal\u00ed de eso absolutamente. De eso se sale cuando uno quiere\u201d.<\/p>\n\n\n\n<p>Hoy, asegura estar en una etapa distinta, enfocada en su familia y en una relaci\u00f3n reconstruida con Fergie.<\/p>\n\n\n\n<p>Carla cerr\u00f3 su testimonio con un mensaje para sus hijos: \u201cLos amo infinito y nac\u00ed para ustedes. Ustedes me hicieron renacer\u201d.<\/p>\n\n\n\n<p>Y a Ra\u00fal Fergie le envi\u00f3 un especial saludo: \u201cTe amo con toda mi alma. Gracias por sostenerme\u201d.<\/p>\n","protected":false},"excerpt":{"rendered":"<p>Ignacio Hermosilla Periodista en BioBioChile Carla Ballero abord\u00f3 sin filtros su vida personal y el complejo v\u00ednculo que mantiene con su esposo, el empresario minero Ra\u00fal Fergie, de 66 a\u00f1os,&hellip; <\/p>\n","protected":false},"author":1,"featured_media":7979,"comment_status":"closed","ping_status":"open","sticky":false,"template":"","format":"standard","meta":{"_siteseo_robots_primary_cat":"none","_monsterinsights_skip_tracking":false,"_monsterinsights_sitenote_active":false,"_monsterinsights_sitenote_note":"","_monsterinsights_sitenote_category":0,"footnotes":""},"categories":[10],"tags":[],"class_list":["post-7976","post","type-post","status-publish","format-standard","has-post-thumbnail","hentry","category-nacional"],"_links":{"self":[{"href":"https:\/\/chinchorrotelevision.cl\/ma\/wp-json\/wp\/v2\/posts\/7976","targetHints":{"allow":["GET"]}}],"collection":[{"href":"https:\/\/chinchorrotelevision.cl\/ma\/wp-json\/wp\/v2\/posts"}],"about":[{"href":"https:\/\/chinchorrotelevision.cl\/ma\/wp-json\/wp\/v2\/types\/post"}],"author":[{"embeddable":true,"href":"https:\/\/chinchorrotelevision.cl\/ma\/wp-json\/wp\/v2\/users\/1"}],"replies":[{"embeddable":true,"href":"https:\/\/chinchorrotelevision.cl\/ma\/wp-json\/wp\/v2\/comments?post=7976"}],"version-history":[{"count":1,"href":"https:\/\/chinchorrotelevision.cl\/ma\/wp-json\/wp\/v2\/posts\/7976\/revisions"}],"predecessor-version":[{"id":7983,"href":"https:\/\/chinchorrotelevision.cl\/ma\/wp-json\/wp\/v2\/posts\/7976\/revisions\/7983"}],"wp:featuredmedia":[{"embeddable":true,"href":"https:\/\/chinchorrotelevision.cl\/ma\/wp-json\/wp\/v2\/media\/7979"}],"wp:attachment":[{"href":"https:\/\/chinchorrotelevision.cl\/ma\/wp-json\/wp\/v2\/media?parent=7976"}],"wp:term":[{"taxonomy":"category","embeddable":true,"href":"https:\/\/chinchorrotelevision.cl\/ma\/wp-json\/wp\/v2\/categories?post=7976"},{"taxonomy":"post_tag","embeddable":true,"href":"https:\/\/chinchorrotelevision.cl\/ma\/wp-json\/wp\/v2\/tags?post=7976"}],"curies":[{"name":"wp","href":"https:\/\/api.w.org\/{rel}","templated":true}]}}