{"id":7946,"date":"2026-04-28T11:50:09","date_gmt":"2026-04-28T11:50:09","guid":{"rendered":"https:\/\/chinchorrotelevision.cl\/ma\/?p=7946"},"modified":"2026-04-28T11:50:09","modified_gmt":"2026-04-28T11:50:09","slug":"los-parisi-quedan-fuera-de-la-directiva-del-pdg-tras-derrota-electoral-interna","status":"publish","type":"post","link":"https:\/\/chinchorrotelevision.cl\/ma\/2026\/04\/28\/los-parisi-quedan-fuera-de-la-directiva-del-pdg-tras-derrota-electoral-interna\/","title":{"rendered":"LOS PARISI QUEDAN FUERA DE LA DIRECTIVA DEL PDG TRAS DERROTA ELECTORAL INTERNA"},"content":{"rendered":"\n<p><strong><em>Por: Francisca Cares<\/em><\/strong> BB.CL<\/p>\n\n\n\n<figure class=\"wp-block-image size-full is-resized\"><img loading=\"lazy\" decoding=\"async\" width=\"633\" height=\"342\" src=\"https:\/\/chinchorrotelevision.cl\/ma\/wp-content\/uploads\/2026\/04\/A-PARISI-1.png\" alt=\"\" class=\"wp-image-7950\" style=\"width:840px;height:auto\" srcset=\"https:\/\/chinchorrotelevision.cl\/ma\/wp-content\/uploads\/2026\/04\/A-PARISI-1.png 633w, https:\/\/chinchorrotelevision.cl\/ma\/wp-content\/uploads\/2026\/04\/A-PARISI-1-300x162.png 300w\" sizes=\"auto, (max-width: 633px) 100vw, 633px\" \/><\/figure>\n\n\n\n<p>El Partido de la Gente (PDG) enfrenta horas decisivas tras sus elecciones internas, en un proceso marcado por un cambio de liderazgo y la salida de los Parisi de la conducci\u00f3n del partido.<\/p>\n\n\n\n<p>&nbsp;&nbsp;&nbsp; Esto, luego de que la lista encabezada por Patricio Quisbert se impusiera sobre la del actual timonel Rodrigo Vattuone y la diputada Zandra Parisi, dejando fuera a ambos del nuevo dise\u00f1o interno.<\/p>\n\n\n\n<p>A eso se suma que Franco Parisi no repostul\u00f3 a la vicepresidencia, por lo que \u2014al menos formalmente\u2014 el apellido Parisi queda fuera de la directiva.<\/p>\n\n\n\n<p>Todo esto en una elecci\u00f3n interna marcada por una muy baja participaci\u00f3n: poco m\u00e1s de mil militantes votaron de un padr\u00f3n superior a los 42 mil, es decir, cerca de un 2,5%.<\/p>\n\n\n\n<p>Ese dato es clave, porque el proceso qued\u00f3 ahora en manos del Tribunal Supremo del partido, que deber\u00e1 revisar y ratificar los resultados antes de la proclamaci\u00f3n oficial de la nueva directiva, en medio de llamados a garantizar la validez de la elecci\u00f3n.<\/p>\n\n\n\n<p>Desde el sector derrotado, la diputada Parisi llam\u00f3 a esperar el pronunciamiento del \u00f3rgano interno, insistiendo en que este tipo de procesos deben contar con todas las garant\u00edas.<\/p>\n\n\n\n<p>La nueva mesa \u2014que tambi\u00e9n integrar\u00e1n los diputados Patricio Briones y Fabi\u00e1n Ossand\u00f3n como vicepresidentes\u2014 asumir\u00e1 con el desaf\u00edo de ordenar la interna y recomponer el v\u00ednculo con las bases.<\/p>\n\n\n\n<p>As\u00ed lo reconoci\u00f3 Ossand\u00f3n, quien admiti\u00f3 que la baja participaci\u00f3n era un escenario que se anticipaba, pero recalc\u00f3 que ahora el foco estar\u00e1 en volver a convocar a la militancia.<\/p>\n\n\n\n<p>En esa misma l\u00ednea, el diputado Briones apunt\u00f3 a la proyecci\u00f3n pol\u00edtica del partido, se\u00f1alando que el objetivo es fortalecer el proyecto para posicionar a Franco Parisi como candidato a la Presidencia de la Rep\u00fablica en el pr\u00f3ximo ciclo electoral.<\/p>\n\n\n\n<p><strong>Proyecci\u00f3n del PDG hacia el pr\u00f3ximo ciclo electoral<\/strong><\/p>\n\n\n\n<p>Este martes deber\u00edan quedar definidas las cuadraturas de las mesas y el pr\u00f3ximo 7 de mayo se realizar\u00eda la proclamaci\u00f3n oficial de la nueva directiva.<\/p>\n\n\n\n<p>Con este escenario, el PDG abre una nueva etapa que no solo depender\u00e1 de la resoluci\u00f3n del Tribunal Supremo, sino tambi\u00e9n de su capacidad para reordenarse internamente y proyectarse hacia el denominado \u201cProyecto 2030\u201d, con miras al pr\u00f3ximo ciclo electoral.<\/p>\n","protected":false},"excerpt":{"rendered":"<p>Por: Francisca Cares BB.CL El Partido de la Gente (PDG) enfrenta horas decisivas tras sus elecciones internas, en un proceso marcado por un cambio de liderazgo y la salida de&hellip; <\/p>\n","protected":false},"author":1,"featured_media":7947,"comment_status":"closed","ping_status":"open","sticky":false,"template":"","format":"standard","meta":{"_siteseo_robots_primary_cat":"none","_monsterinsights_skip_tracking":false,"_monsterinsights_sitenote_active":false,"_monsterinsights_sitenote_note":"","_monsterinsights_sitenote_category":0,"footnotes":""},"categories":[10],"tags":[],"class_list":["post-7946","post","type-post","status-publish","format-standard","has-post-thumbnail","hentry","category-nacional"],"_links":{"self":[{"href":"https:\/\/chinchorrotelevision.cl\/ma\/wp-json\/wp\/v2\/posts\/7946","targetHints":{"allow":["GET"]}}],"collection":[{"href":"https:\/\/chinchorrotelevision.cl\/ma\/wp-json\/wp\/v2\/posts"}],"about":[{"href":"https:\/\/chinchorrotelevision.cl\/ma\/wp-json\/wp\/v2\/types\/post"}],"author":[{"embeddable":true,"href":"https:\/\/chinchorrotelevision.cl\/ma\/wp-json\/wp\/v2\/users\/1"}],"replies":[{"embeddable":true,"href":"https:\/\/chinchorrotelevision.cl\/ma\/wp-json\/wp\/v2\/comments?post=7946"}],"version-history":[{"count":1,"href":"https:\/\/chinchorrotelevision.cl\/ma\/wp-json\/wp\/v2\/posts\/7946\/revisions"}],"predecessor-version":[{"id":7951,"href":"https:\/\/chinchorrotelevision.cl\/ma\/wp-json\/wp\/v2\/posts\/7946\/revisions\/7951"}],"wp:featuredmedia":[{"embeddable":true,"href":"https:\/\/chinchorrotelevision.cl\/ma\/wp-json\/wp\/v2\/media\/7947"}],"wp:attachment":[{"href":"https:\/\/chinchorrotelevision.cl\/ma\/wp-json\/wp\/v2\/media?parent=7946"}],"wp:term":[{"taxonomy":"category","embeddable":true,"href":"https:\/\/chinchorrotelevision.cl\/ma\/wp-json\/wp\/v2\/categories?post=7946"},{"taxonomy":"post_tag","embeddable":true,"href":"https:\/\/chinchorrotelevision.cl\/ma\/wp-json\/wp\/v2\/tags?post=7946"}],"curies":[{"name":"wp","href":"https:\/\/api.w.org\/{rel}","templated":true}]}}