{"id":7930,"date":"2026-04-28T11:40:39","date_gmt":"2026-04-28T11:40:39","guid":{"rendered":"https:\/\/chinchorrotelevision.cl\/ma\/?p=7930"},"modified":"2026-04-28T11:40:40","modified_gmt":"2026-04-28T11:40:40","slug":"viudas-de-carabineros-exigen-que-promocion-de-grado-se-aplique-tambien-a-quienes-mueren-de-franco","status":"publish","type":"post","link":"https:\/\/chinchorrotelevision.cl\/ma\/2026\/04\/28\/viudas-de-carabineros-exigen-que-promocion-de-grado-se-aplique-tambien-a-quienes-mueren-de-franco\/","title":{"rendered":"VIUDAS DE CARABINEROS EXIGEN QUE PROMOCI\u00d3N DE GRADO SE APLIQUE TAMBI\u00c9N A QUIENES MUEREN DE FRANCO"},"content":{"rendered":"\n<p><strong><em>Cooperativa.cl<\/em><\/strong><\/p>\n\n\n\n<figure class=\"wp-block-image size-full is-resized\"><img loading=\"lazy\" decoding=\"async\" width=\"680\" height=\"453\" src=\"https:\/\/chinchorrotelevision.cl\/ma\/wp-content\/uploads\/2026\/04\/a-viudas-carab-1.jpg\" alt=\"\" class=\"wp-image-7936\" style=\"width:840px;height:auto\" srcset=\"https:\/\/chinchorrotelevision.cl\/ma\/wp-content\/uploads\/2026\/04\/a-viudas-carab-1.jpg 680w, https:\/\/chinchorrotelevision.cl\/ma\/wp-content\/uploads\/2026\/04\/a-viudas-carab-1-300x200.jpg 300w\" sizes=\"auto, (max-width: 680px) 100vw, 680px\" \/><\/figure>\n\n\n\n<p>La vocera Mara Sedini se reuni\u00f3 con dirigentas de la Fundaci\u00f3n &#8220;Unidas por Siempre&#8221; para expresar el apoyo del Ejecutivo.<\/p>\n\n\n\n<p>Viudas de carabineros exigen que promoci\u00f3n de grado se aplique tambi\u00e9n a quienes mueren de franco<\/p>\n\n\n\n<p>Las familias de uniformados fallecidos denuncian demoras y criterios restrictivos en la obtenci\u00f3n del grado p\u00f3stumo.<\/p>\n\n\n\n<p>En el marco del aniversario 99 de Carabineros, la ministra de la Secretar\u00eda General de Gobierno, Mara Sedini, se reuni\u00f3 este lunes con dirigentas de la Fundaci\u00f3n &#8220;Unidas por Siempre&#8221;, organizaci\u00f3n que agrupa a las viudas de m\u00e1rtires de la polic\u00eda uniformada.<\/p>\n\n\n\n<p>En este encuentro, la secretaria de Estado enfatiz\u00f3 que, a diferencia de sectores que &#8220;han denostado la labor policial&#8221;, la administraci\u00f3n del Presidente Jos\u00e9 Antonio Kast no dejar\u00e1 de lado su compromiso con la instituci\u00f3n.<\/p>\n\n\n\n<p>Aunque tambi\u00e9n valoraron algunos de los anuncios realizados por el Gobierno, las viudas mantienen las expectativas respecto a otras medidas espec\u00edficas de apoyo, como el pago del bono trimestral para los funcionarios.<\/p>\n\n\n\n<p>De todas maneas, en la reuni\u00f3n no fueron socializadas las medidas anunciadas por el Presidente Kast, dado que era un encuentro orientado a la &#8220;contenci\u00f3n y acompa\u00f1amiento&#8221;.<\/p>\n\n\n\n<p>En este encuentro tambi\u00e9n particip\u00f3 la diputada republicana Javiera Rodr\u00edguez.<\/p>\n\n\n\n<p>Lucha de las viudas de Carabineros por un grado p\u00f3stumo justo y expedito<\/p>\n\n\n\n<p>Una de las principales preocupaciones y demandas expresadas por las viudas de m\u00e1rtires de Carabineros gira en torno al reconocimiento del grado p\u00f3stumo para sus c\u00f3nyuges fallecidos en el cumplimiento del deber.<\/p>\n\n\n\n<p>Esta situaci\u00f3n fue expuesta por Nancy Miranda, viuda de Yonny Alejandro Novoa Leal, un carabinero encontrado sin vida en 2016 mientras vest\u00eda de civil en la comuna de Lo Prado.<\/p>\n\n\n\n<p>&#8220;Generalmente, cuando fallece el funcionario, el que est\u00e1 activo en ese momento y con uniforme, inmediatamente pasa a tener su grado p\u00f3stumo&#8221;, coment\u00f3 Miranda, que advirti\u00f3 que la situaci\u00f3n cambia dr\u00e1sticamente para quienes, como su esposo, no se encontraban &#8220;en acto de servicio y que est\u00e1n en su d\u00eda franco&#8221;.<\/p>\n\n\n\n<p>Seg\u00fan su testimonio, en estos casos &#8220;no siempre son le dan su grado p\u00f3stumo, porque hay una investigaci\u00f3n de por medio y eso es s\u00faper largo&#8221;.<\/p>\n\n\n\n<p>La viuda ejemplific\u00f3 la magnitud del problema con su propio caso, se\u00f1alando que &#8220;se demoraron cinco a\u00f1os&#8221; en este proceso, una demora que -asegur\u00f3- genera angustia para las familias que ya enfrentan la p\u00e9rdida de un ser querido.<\/p>\n\n\n\n<p>&#8220;Pedir\u00eda que eso tiene que cambiar. El funcionario que da la vida por proteger la vida de otros, s\u00ed o s\u00ed se merece llegar siempre a su grado m\u00e1ximo y tener el grado p\u00f3stumo mayor que puedan optar&#8221;, concluy\u00f3.<\/p>\n","protected":false},"excerpt":{"rendered":"<p>Cooperativa.cl La vocera Mara Sedini se reuni\u00f3 con dirigentas de la Fundaci\u00f3n &#8220;Unidas por Siempre&#8221; para expresar el apoyo del Ejecutivo. Viudas de carabineros exigen que promoci\u00f3n de grado se&hellip; <\/p>\n","protected":false},"author":1,"featured_media":7935,"comment_status":"closed","ping_status":"open","sticky":false,"template":"","format":"standard","meta":{"_siteseo_robots_primary_cat":"none","_monsterinsights_skip_tracking":false,"_monsterinsights_sitenote_active":false,"_monsterinsights_sitenote_note":"","_monsterinsights_sitenote_category":0,"footnotes":""},"categories":[10],"tags":[],"class_list":["post-7930","post","type-post","status-publish","format-standard","has-post-thumbnail","hentry","category-nacional"],"_links":{"self":[{"href":"https:\/\/chinchorrotelevision.cl\/ma\/wp-json\/wp\/v2\/posts\/7930","targetHints":{"allow":["GET"]}}],"collection":[{"href":"https:\/\/chinchorrotelevision.cl\/ma\/wp-json\/wp\/v2\/posts"}],"about":[{"href":"https:\/\/chinchorrotelevision.cl\/ma\/wp-json\/wp\/v2\/types\/post"}],"author":[{"embeddable":true,"href":"https:\/\/chinchorrotelevision.cl\/ma\/wp-json\/wp\/v2\/users\/1"}],"replies":[{"embeddable":true,"href":"https:\/\/chinchorrotelevision.cl\/ma\/wp-json\/wp\/v2\/comments?post=7930"}],"version-history":[{"count":1,"href":"https:\/\/chinchorrotelevision.cl\/ma\/wp-json\/wp\/v2\/posts\/7930\/revisions"}],"predecessor-version":[{"id":7937,"href":"https:\/\/chinchorrotelevision.cl\/ma\/wp-json\/wp\/v2\/posts\/7930\/revisions\/7937"}],"wp:featuredmedia":[{"embeddable":true,"href":"https:\/\/chinchorrotelevision.cl\/ma\/wp-json\/wp\/v2\/media\/7935"}],"wp:attachment":[{"href":"https:\/\/chinchorrotelevision.cl\/ma\/wp-json\/wp\/v2\/media?parent=7930"}],"wp:term":[{"taxonomy":"category","embeddable":true,"href":"https:\/\/chinchorrotelevision.cl\/ma\/wp-json\/wp\/v2\/categories?post=7930"},{"taxonomy":"post_tag","embeddable":true,"href":"https:\/\/chinchorrotelevision.cl\/ma\/wp-json\/wp\/v2\/tags?post=7930"}],"curies":[{"name":"wp","href":"https:\/\/api.w.org\/{rel}","templated":true}]}}