{"id":7922,"date":"2026-04-28T11:36:08","date_gmt":"2026-04-28T11:36:08","guid":{"rendered":"https:\/\/chinchorrotelevision.cl\/ma\/?p=7922"},"modified":"2026-04-28T11:36:08","modified_gmt":"2026-04-28T11:36:08","slug":"chile-condeno-los-atentados-terroristas-en-colombia","status":"publish","type":"post","link":"https:\/\/chinchorrotelevision.cl\/ma\/2026\/04\/28\/chile-condeno-los-atentados-terroristas-en-colombia\/","title":{"rendered":"CHILE CONDEN\u00d3 &#8220;LOS ATENTADOS TERRORISTAS&#8221; EN COLOMBIA"},"content":{"rendered":"\n<p><strong><em>Periodista Digital: EFE<\/em><\/strong><\/p>\n\n\n\n<figure class=\"wp-block-image size-full is-resized\"><img loading=\"lazy\" decoding=\"async\" width=\"649\" height=\"365\" src=\"https:\/\/chinchorrotelevision.cl\/ma\/wp-content\/uploads\/2026\/04\/a-terr-colombia-1.jpg\" alt=\"\" class=\"wp-image-7928\" style=\"width:840px;height:auto\" srcset=\"https:\/\/chinchorrotelevision.cl\/ma\/wp-content\/uploads\/2026\/04\/a-terr-colombia-1.jpg 649w, https:\/\/chinchorrotelevision.cl\/ma\/wp-content\/uploads\/2026\/04\/a-terr-colombia-1-300x169.jpg 300w\" sizes=\"auto, (max-width: 649px) 100vw, 649px\" \/><\/figure>\n\n\n\n<p>La violencia del fin de semana dej\u00f3 al menos 20 personas muertas y otras decenas heridas.<\/p>\n\n\n\n<p>La Canciller\u00eda chilena manifest\u00f3 &#8220;condolencias y solidaridad al pueblo y al Gobierno de Colombia&#8221;.<\/p>\n\n\n\n<p>El Gobierno de Chile expres\u00f3 este lunes su &#8220;rechazo absoluto al terrorismo en todas sus formas y manifestaciones&#8221;, tras la ola de violentos ataques perpetrados en los \u00faltimos d\u00edas en el suroeste de Colombia, que han dejado al menos 20 muertos y decenas de heridos.<\/p>\n\n\n\n<p>A trav\u00e9s de una declaraci\u00f3n, la Canciller\u00eda conden\u00f3 &#8220;en los t\u00e9rminos m\u00e1s en\u00e9rgicos los atentados terroristas ocurridos recientemente en el departamento del Cauca&#8221;.<\/p>\n\n\n\n<p>&#8220;Chile expresa sus m\u00e1s sentidas condolencias y solidaridad a los familiares de las v\u00edctimas, as\u00ed como al pueblo y al Gobierno de Colombia&#8221;, a\u00f1adieron.<\/p>\n\n\n\n<p>Los aludidos incidentes de violencia comenzaron el s\u00e1bado, con un ataque explosivo contra un autob\u00fas -perpetrado por supuestos disidentes de las FARC- que caus\u00f3 la muerte de 20 personas y destruy\u00f3 otros 15 veh\u00edculos que tambi\u00e9n circulaban en la V\u00eda Panamericana, en el departamento del Cauca.<\/p>\n\n\n\n<p>En los \u00faltimos d\u00edas, hubo tambi\u00e9n otras embestidas con lanzamientos de explosivos contra instalaciones militares en Cali y Palmira, en el vecino departamento del Valle del Cauca, atribuidos a disidencias del Estado Mayor Central (EMC).<\/p>\n\n\n\n<p>Una camioneta cargada con explosivos, que al parecer ten\u00eda como objetivo un puesto militar en El Plateado, en el mismo departamento, deton\u00f3 y caus\u00f3 heridas a dos polic\u00edas y a una adolescente, informaron este lunes medios locales.<\/p>\n","protected":false},"excerpt":{"rendered":"<p>Periodista Digital: EFE La violencia del fin de semana dej\u00f3 al menos 20 personas muertas y otras decenas heridas. La Canciller\u00eda chilena manifest\u00f3 &#8220;condolencias y solidaridad al pueblo y al&hellip; <\/p>\n","protected":false},"author":1,"featured_media":7927,"comment_status":"closed","ping_status":"open","sticky":false,"template":"","format":"standard","meta":{"_siteseo_robots_primary_cat":"none","_monsterinsights_skip_tracking":false,"_monsterinsights_sitenote_active":false,"_monsterinsights_sitenote_note":"","_monsterinsights_sitenote_category":0,"footnotes":""},"categories":[11],"tags":[],"class_list":["post-7922","post","type-post","status-publish","format-standard","has-post-thumbnail","hentry","category-internacional"],"_links":{"self":[{"href":"https:\/\/chinchorrotelevision.cl\/ma\/wp-json\/wp\/v2\/posts\/7922","targetHints":{"allow":["GET"]}}],"collection":[{"href":"https:\/\/chinchorrotelevision.cl\/ma\/wp-json\/wp\/v2\/posts"}],"about":[{"href":"https:\/\/chinchorrotelevision.cl\/ma\/wp-json\/wp\/v2\/types\/post"}],"author":[{"embeddable":true,"href":"https:\/\/chinchorrotelevision.cl\/ma\/wp-json\/wp\/v2\/users\/1"}],"replies":[{"embeddable":true,"href":"https:\/\/chinchorrotelevision.cl\/ma\/wp-json\/wp\/v2\/comments?post=7922"}],"version-history":[{"count":1,"href":"https:\/\/chinchorrotelevision.cl\/ma\/wp-json\/wp\/v2\/posts\/7922\/revisions"}],"predecessor-version":[{"id":7929,"href":"https:\/\/chinchorrotelevision.cl\/ma\/wp-json\/wp\/v2\/posts\/7922\/revisions\/7929"}],"wp:featuredmedia":[{"embeddable":true,"href":"https:\/\/chinchorrotelevision.cl\/ma\/wp-json\/wp\/v2\/media\/7927"}],"wp:attachment":[{"href":"https:\/\/chinchorrotelevision.cl\/ma\/wp-json\/wp\/v2\/media?parent=7922"}],"wp:term":[{"taxonomy":"category","embeddable":true,"href":"https:\/\/chinchorrotelevision.cl\/ma\/wp-json\/wp\/v2\/categories?post=7922"},{"taxonomy":"post_tag","embeddable":true,"href":"https:\/\/chinchorrotelevision.cl\/ma\/wp-json\/wp\/v2\/tags?post=7922"}],"curies":[{"name":"wp","href":"https:\/\/api.w.org\/{rel}","templated":true}]}}