{"id":7906,"date":"2026-04-27T11:36:52","date_gmt":"2026-04-27T11:36:52","guid":{"rendered":"https:\/\/chinchorrotelevision.cl\/ma\/?p=7906"},"modified":"2026-04-27T11:36:53","modified_gmt":"2026-04-27T11:36:53","slug":"rubilar-respalda-criticas-de-kast-al-gobierno-de-boric-dejo-todo-destruido","status":"publish","type":"post","link":"https:\/\/chinchorrotelevision.cl\/ma\/2026\/04\/27\/rubilar-respalda-criticas-de-kast-al-gobierno-de-boric-dejo-todo-destruido\/","title":{"rendered":"RUBILAR RESPALDA CR\u00cdTICAS DE KAST AL GOBIERNO DE BORIC: &#8220;DEJ\u00d3 TODO DESTRUIDO&#8221;"},"content":{"rendered":"\n<p><strong><em>Periodista Digital: Cooperativa.cl<\/em><\/strong><\/p>\n\n\n\n<figure class=\"wp-block-image size-full is-resized\"><img loading=\"lazy\" decoding=\"async\" width=\"649\" height=\"365\" src=\"https:\/\/chinchorrotelevision.cl\/ma\/wp-content\/uploads\/2026\/04\/A-KARL-RUBLLAR-1.jpeg\" alt=\"\" class=\"wp-image-7912\" style=\"width:840px;height:auto\" srcset=\"https:\/\/chinchorrotelevision.cl\/ma\/wp-content\/uploads\/2026\/04\/A-KARL-RUBLLAR-1.jpeg 649w, https:\/\/chinchorrotelevision.cl\/ma\/wp-content\/uploads\/2026\/04\/A-KARL-RUBLLAR-1-300x169.jpeg 300w\" sizes=\"auto, (max-width: 649px) 100vw, 649px\" \/><\/figure>\n\n\n\n<p>La exvocera de Gobierno dijo &#8220;entender humanamente&#8221; la arremetida del Mandatario contra la Administraci\u00f3n anterior, a la que acus\u00f3 de &#8220;destruir&#8221; el pa\u00eds en distintas materias.<\/p>\n\n\n\n<p>&#8220;Me gustar\u00eda que la forma, el tono y el di\u00e1logo del Gobierno y de la oposici\u00f3n sea otro&#8221;, matiz\u00f3.<\/p>\n\n\n\n<p>Rubilar respalda cr\u00edticas de Kast al Gobierno de Boric:<\/p>\n\n\n\n<p>&#8220;Las cr\u00edticas m\u00e1s duras (contra el Gobierno de Kast) vienen de quienes hace un mes y medio estaban gobernando&#8221;, apunt\u00f3 Rubilar, en referencia a la Administraci\u00f3n de Boric.<\/p>\n\n\n\n<p>La exministra Karla Rubilar respald\u00f3 el encendido discurso del Presidente Jos\u00e9 Antonio Kast en el Consejo General de Renovaci\u00f3n Nacional, donde descart\u00f3 recortes en alimentaci\u00f3n escolar y arremeti\u00f3 contra la gesti\u00f3n de Gabriel Boric.<\/p>\n\n\n\n<p>El Mandatario acus\u00f3 a la Administraci\u00f3n anterior de dejar el pa\u00eds &#8220;destruido&#8221; en materia econ\u00f3mica y de seguridad: &#8220;\u00bfC\u00f3mo les fue en el tema del empleo? Un desastre. \u00bfC\u00f3mo les fue en el crecimiento? Un desastre. \u00bfEn educaci\u00f3n? Un desastre. \u00bfEn salud? Un desastre&#8221;, critic\u00f3.<\/p>\n\n\n\n<p>Presidente Kast fustig\u00f3 el &#8220;t\u00edpico eslogan&#8221; de la oposici\u00f3n ante cr\u00edticas por la megarreforma<\/p>\n\n\n\n<p>En ese contexto, la vocera de Gobierno asegur\u00f3 que las palabras emitidas por el Mandatario &#8220;son una reacci\u00f3n humana a algo que es bien especial: que las cr\u00edticas m\u00e1s duras, incluso la postura de rechazar la idea de legislar -que es la forma m\u00e1s compleja de pararse en el Congreso Nacional, que es no permitir ni siquiera dialogar el fondo de los proyectos- vienen de quienes hace un mes y medio estaban gobernando&#8221;<\/p>\n\n\n\n<p>&#8220;Por supuesto que debe ser motivo, probablemente, de mucha frustraci\u00f3n por parte del Presidente Kast esa postura de quienes estuvieron durante cuatro a\u00f1os con el poder de cambiar las cosas: yo entiendo humanamente la reacci\u00f3n del Presidente Kast&#8221;, reiter\u00f3.<\/p>\n\n\n\n<p>Pese a su an\u00e1lisis, Rubilar tom\u00f3 distancia de la agresividad del discurso: &#8220;Por supuesto que me gustar\u00eda que la forma, el tono y el di\u00e1logo del Gobierno y de la oposici\u00f3n sea otro&#8221;, enfatiz\u00f3.<\/p>\n\n\n\n<p>PS:&#8221;Lo que hace es descalificar en circunstancias que no tiene propuestas&#8221;<\/p>\n\n\n\n<p>Desde la oposici\u00f3n, el diputado Ra\u00fal Leiva (PS) rechaz\u00f3 &#8220;el tono (utilizado por) el Presidente Kast. Esa es m\u00e1s bien una forma de expresarse que \u00e9l tuvo en campa\u00f1a, no en el cargo de Presidente de la Rep\u00fablica, en donde uno entender\u00eda que es el Presidente de todas y todos los chilenos&#8221;.<\/p>\n\n\n\n<p>&#8220;Lo que hace es descalificar al Gobierno anterior en circunstancias que no tiene propuesta ninguna, por ejemplo, en materia de seguridad que le permita abordar esas materias&#8221;, asever\u00f3.<\/p>\n","protected":false},"excerpt":{"rendered":"<p>Periodista Digital: Cooperativa.cl La exvocera de Gobierno dijo &#8220;entender humanamente&#8221; la arremetida del Mandatario contra la Administraci\u00f3n anterior, a la que acus\u00f3 de &#8220;destruir&#8221; el pa\u00eds en distintas materias. &#8220;Me&hellip; <\/p>\n","protected":false},"author":1,"featured_media":7911,"comment_status":"closed","ping_status":"open","sticky":false,"template":"","format":"standard","meta":{"_siteseo_robots_primary_cat":"none","_monsterinsights_skip_tracking":false,"_monsterinsights_sitenote_active":false,"_monsterinsights_sitenote_note":"","_monsterinsights_sitenote_category":0,"footnotes":""},"categories":[10],"tags":[],"class_list":["post-7906","post","type-post","status-publish","format-standard","has-post-thumbnail","hentry","category-nacional"],"_links":{"self":[{"href":"https:\/\/chinchorrotelevision.cl\/ma\/wp-json\/wp\/v2\/posts\/7906","targetHints":{"allow":["GET"]}}],"collection":[{"href":"https:\/\/chinchorrotelevision.cl\/ma\/wp-json\/wp\/v2\/posts"}],"about":[{"href":"https:\/\/chinchorrotelevision.cl\/ma\/wp-json\/wp\/v2\/types\/post"}],"author":[{"embeddable":true,"href":"https:\/\/chinchorrotelevision.cl\/ma\/wp-json\/wp\/v2\/users\/1"}],"replies":[{"embeddable":true,"href":"https:\/\/chinchorrotelevision.cl\/ma\/wp-json\/wp\/v2\/comments?post=7906"}],"version-history":[{"count":1,"href":"https:\/\/chinchorrotelevision.cl\/ma\/wp-json\/wp\/v2\/posts\/7906\/revisions"}],"predecessor-version":[{"id":7913,"href":"https:\/\/chinchorrotelevision.cl\/ma\/wp-json\/wp\/v2\/posts\/7906\/revisions\/7913"}],"wp:featuredmedia":[{"embeddable":true,"href":"https:\/\/chinchorrotelevision.cl\/ma\/wp-json\/wp\/v2\/media\/7911"}],"wp:attachment":[{"href":"https:\/\/chinchorrotelevision.cl\/ma\/wp-json\/wp\/v2\/media?parent=7906"}],"wp:term":[{"taxonomy":"category","embeddable":true,"href":"https:\/\/chinchorrotelevision.cl\/ma\/wp-json\/wp\/v2\/categories?post=7906"},{"taxonomy":"post_tag","embeddable":true,"href":"https:\/\/chinchorrotelevision.cl\/ma\/wp-json\/wp\/v2\/tags?post=7906"}],"curies":[{"name":"wp","href":"https:\/\/api.w.org\/{rel}","templated":true}]}}