{"id":7890,"date":"2026-04-27T11:25:48","date_gmt":"2026-04-27T11:25:48","guid":{"rendered":"https:\/\/chinchorrotelevision.cl\/ma\/?p=7890"},"modified":"2026-04-27T11:25:49","modified_gmt":"2026-04-27T11:25:49","slug":"hoy-podemos-decir-se-hizo-justicia-presidente-kast-recuerda-a-carabineros-asesinados-en-canete","status":"publish","type":"post","link":"https:\/\/chinchorrotelevision.cl\/ma\/2026\/04\/27\/hoy-podemos-decir-se-hizo-justicia-presidente-kast-recuerda-a-carabineros-asesinados-en-canete\/","title":{"rendered":"&#8220;HOY PODEMOS DECIR SE HIZO JUSTICIA&#8221;: PRESIDENTE KAST RECUERDA A CARABINEROS ASESINADOS EN CA\u00d1ETE"},"content":{"rendered":"\n<p><strong><em>Publicado por Camila \u00c1lvarez A y Manuel Cabrera Ruiz<\/em><\/strong><\/p>\n\n\n\n<figure class=\"wp-block-image size-full is-resized\"><img loading=\"lazy\" decoding=\"async\" width=\"628\" height=\"372\" src=\"https:\/\/chinchorrotelevision.cl\/ma\/wp-content\/uploads\/2026\/04\/A-CANETE-CARAB-1.png\" alt=\"\" class=\"wp-image-7896\" style=\"width:840px;height:auto\" srcset=\"https:\/\/chinchorrotelevision.cl\/ma\/wp-content\/uploads\/2026\/04\/A-CANETE-CARAB-1.png 628w, https:\/\/chinchorrotelevision.cl\/ma\/wp-content\/uploads\/2026\/04\/A-CANETE-CARAB-1-300x178.png 300w\" sizes=\"auto, (max-width: 628px) 100vw, 628px\" \/><\/figure>\n\n\n\n<p>El presidente Jos\u00e9 Antonio Kast particip\u00f3 este domingo en Los \u00c1lamos, regi\u00f3n del B\u00edo B\u00edo, en una ceremonia de conmemoraci\u00f3n por el segundo aniversario de la muerte de los carabineros Sergio Ar\u00e9valo, Carlos Cisternas y Misael Vidal en Ca\u00f1ete, crimen ocurrido en 2024.<\/p>\n\n\n\n<p>En un discurso que realiz\u00f3 en la Primera Comisar\u00eda Control de Orden P\u00fablico \u201cH\u00e9roes de Arauco\u201d, el jefe de Estado agradeci\u00f3 la investigaci\u00f3n que llev\u00f3 a la condena de los autores del asesinato de los funcionarios policiales, indicando que \u201chicieron un trabajo con toda la energ\u00eda, con todo el coraz\u00f3n y hoy d\u00eda podemos decir que se ha hecho justicia\u201d.<\/p>\n\n\n\n<p>\u201cComo dijo el General, eso no devuelve a sus padres, a sus maridos, a sus compa\u00f1eros, pero s\u00ed hay que dar una se\u00f1al clara a la naci\u00f3n de que estos cr\u00edmenes horrendos no quedan impunes\u201d, agreg\u00f3.<\/p>\n\n\n\n<p>En la misma alocuci\u00f3n, la m\u00e1xima autoridad nacional precis\u00f3 que \u201cvelaremos porque se cumpla a cabalidad la condena que se les ha impuesto en las condiciones que corresponde para personas que generaron tal dolor y tanta violencia\u201d.<\/p>\n\n\n\n<p>\u201cHoy le rendimos homenaje y honramos la memoria de los tres h\u00e9roes de Arauco, y hoy vuelvo a reiterar mi reconocimiento y el de todos los chilenos a esta noble instituci\u00f3n\u201d, sum\u00f3 Kast.<\/p>\n\n\n\n<p>Publicidad<\/p>\n\n\n\n<p>En ese sentido, el Presidente de la Rep\u00fablica manifest\u00f3 que \u201choy estamos aqu\u00ed para apoyar, pero tambi\u00e9n para comprometer nuestro apoyo a las viudas, que perdieron a sus compa\u00f1eros, a sus hijos, que perdieron a sus padres, a sus familias, que perdieron un ser querido y tambi\u00e9n a la instituci\u00f3n de Carabineros de Chile\u201d.<\/p>\n\n\n\n<p>Cabe recordar que por el crimen fueron sentenciados a presidio perpetuo calificado los hermanos Felipe, Tom\u00e1s y Jefferson Antihu\u00e9n Santi.<\/p>\n\n\n\n<p>Los hermanos Antihu\u00e9n Santi fueron condenados como autores ejecutores de los asesinatos, mientras que Nicol\u00e1s Rivas Paillao, fue condenado como autor colaborador.<\/p>\n","protected":false},"excerpt":{"rendered":"<p>Publicado por Camila \u00c1lvarez A y Manuel Cabrera Ruiz El presidente Jos\u00e9 Antonio Kast particip\u00f3 este domingo en Los \u00c1lamos, regi\u00f3n del B\u00edo B\u00edo, en una ceremonia de conmemoraci\u00f3n por&hellip; <\/p>\n","protected":false},"author":1,"featured_media":7895,"comment_status":"closed","ping_status":"open","sticky":false,"template":"","format":"standard","meta":{"_siteseo_robots_primary_cat":"none","_monsterinsights_skip_tracking":false,"_monsterinsights_sitenote_active":false,"_monsterinsights_sitenote_note":"","_monsterinsights_sitenote_category":0,"footnotes":""},"categories":[10],"tags":[],"class_list":["post-7890","post","type-post","status-publish","format-standard","has-post-thumbnail","hentry","category-nacional"],"_links":{"self":[{"href":"https:\/\/chinchorrotelevision.cl\/ma\/wp-json\/wp\/v2\/posts\/7890","targetHints":{"allow":["GET"]}}],"collection":[{"href":"https:\/\/chinchorrotelevision.cl\/ma\/wp-json\/wp\/v2\/posts"}],"about":[{"href":"https:\/\/chinchorrotelevision.cl\/ma\/wp-json\/wp\/v2\/types\/post"}],"author":[{"embeddable":true,"href":"https:\/\/chinchorrotelevision.cl\/ma\/wp-json\/wp\/v2\/users\/1"}],"replies":[{"embeddable":true,"href":"https:\/\/chinchorrotelevision.cl\/ma\/wp-json\/wp\/v2\/comments?post=7890"}],"version-history":[{"count":1,"href":"https:\/\/chinchorrotelevision.cl\/ma\/wp-json\/wp\/v2\/posts\/7890\/revisions"}],"predecessor-version":[{"id":7897,"href":"https:\/\/chinchorrotelevision.cl\/ma\/wp-json\/wp\/v2\/posts\/7890\/revisions\/7897"}],"wp:featuredmedia":[{"embeddable":true,"href":"https:\/\/chinchorrotelevision.cl\/ma\/wp-json\/wp\/v2\/media\/7895"}],"wp:attachment":[{"href":"https:\/\/chinchorrotelevision.cl\/ma\/wp-json\/wp\/v2\/media?parent=7890"}],"wp:term":[{"taxonomy":"category","embeddable":true,"href":"https:\/\/chinchorrotelevision.cl\/ma\/wp-json\/wp\/v2\/categories?post=7890"},{"taxonomy":"post_tag","embeddable":true,"href":"https:\/\/chinchorrotelevision.cl\/ma\/wp-json\/wp\/v2\/tags?post=7890"}],"curies":[{"name":"wp","href":"https:\/\/api.w.org\/{rel}","templated":true}]}}