{"id":7870,"date":"2026-04-26T12:32:15","date_gmt":"2026-04-26T12:32:15","guid":{"rendered":"https:\/\/chinchorrotelevision.cl\/ma\/?p=7870"},"modified":"2026-04-26T12:32:16","modified_gmt":"2026-04-26T12:32:16","slug":"agresion-a-lincolao-gobierno-invoca-ley-de-seguridad-del-estado-y-acusa-secuestro","status":"publish","type":"post","link":"https:\/\/chinchorrotelevision.cl\/ma\/2026\/04\/26\/agresion-a-lincolao-gobierno-invoca-ley-de-seguridad-del-estado-y-acusa-secuestro\/","title":{"rendered":"AGRESI\u00d3N A LINCOLAO: GOBIERNO INVOCA LEY DE SEGURIDAD DEL ESTADO Y ACUSA SECUESTRO"},"content":{"rendered":"\n<p><strong><em>Cooperativa.cl\/ATON<\/em><\/strong><\/p>\n\n\n\n<figure class=\"wp-block-image size-full is-resized\"><img loading=\"lazy\" decoding=\"async\" width=\"649\" height=\"365\" src=\"https:\/\/chinchorrotelevision.cl\/ma\/wp-content\/uploads\/2026\/04\/A-LINCOLA-1.jpg\" alt=\"\" class=\"wp-image-7876\" style=\"width:840px;height:auto\" srcset=\"https:\/\/chinchorrotelevision.cl\/ma\/wp-content\/uploads\/2026\/04\/A-LINCOLA-1.jpg 649w, https:\/\/chinchorrotelevision.cl\/ma\/wp-content\/uploads\/2026\/04\/A-LINCOLA-1-300x169.jpg 300w\" sizes=\"auto, (max-width: 649px) 100vw, 649px\" \/><\/figure>\n\n\n\n<p>La cartera de Seguridad present\u00f3 la querella ampliada, aduciendo una posible privaci\u00f3n de libertad.<\/p>\n\n\n\n<p>Agresi\u00f3n a Lincolao: Gobierno invoca Ley de Seguridad del Estado y acusa secuestro<\/p>\n\n\n\n<p>La investigaci\u00f3n policial y fiscal revel\u00f3 insultos, empujones y lanzamiento de l\u00edquidos contra la secretaria de Estado.<\/p>\n\n\n\n<p>El Gobierno intensific\u00f3 su acci\u00f3n legal en respuesta a la agresi\u00f3n sufrida por la ministra de Ciencias, Ximena Lincolao, el pasado 8 de abril en la Universidad Austral, sede de Valdivia (Regi\u00f3n de Los Lagos).<\/p>\n\n\n\n<p>La medida incluye la ampliaci\u00f3n de la querella previamente interpuesta y la invocaci\u00f3n de la Ley de Seguridad del Estado, junto con una insistencia en la solicitud de prisi\u00f3n preventiva para los implicados en el incidente.<\/p>\n\n\n\n<p>Prisi\u00f3n preventiva para los dos imputados por el crimen de la vendedora de cartas Pok\u00e9mon<\/p>\n\n\n\n<p>Esta decisi\u00f3n surgi\u00f3 luego de que el abogado Joaqu\u00edn Pizarro, representante del Ministerio de Seguridad, adelantara que se evaluaba la tesis de que el delito podr\u00eda ir m\u00e1s all\u00e1 de un atentado contra la autoridad, configurando un posible secuestro.<\/p>\n\n\n\n<p>Seg\u00fan el escrito presentado por el Ejecutivo, la ministra Lincolao permaneci\u00f3 retenida por cerca de dos horas al interior del Aula Magna, imposibilitada de abandonar el lugar debido a las manifestaciones y al bloqueo de accesos por parte de estudiantes.<\/p>\n\n\n\n<p>La administraci\u00f3n sostiene que esta situaci\u00f3n buscaba &#8220;privar de libertad, para as\u00ed arrancar decisiones e imponer exigencias debido al cargo que ostenta la autoridad referida&#8221;.<\/p>\n\n\n\n<p>Corte de Apelaciones de Valdivia revisar\u00e1 la negativa inicial de decretar la cautelar m\u00e1s gravosa contra los responsables de la agresi\u00f3n.<\/p>\n\n\n\n<p><strong>Se busca la prisi\u00f3n preventiva de los involucrados<\/strong><\/p>\n\n\n\n<p>Los tres estudiantes formalizados el lunes pasado por los eventos de comienzos de abril, Pablo V\u00e1squez, Joaqu\u00edn Monje y Mar\u00eda Jes\u00fas Madariaga, quedaron sujetos inicialmente a medidas cautelares de prohibici\u00f3n de acercarse a la v\u00edctima y firma quincenal.<\/p>\n\n\n\n<p>Sin embargo, el Gobierno apel\u00f3 esta decisi\u00f3n, insistiendo en la prisi\u00f3n preventiva para los imputados. La ampliaci\u00f3n de la querella fue declarada admisible el 22 de abril por el juez Fabi\u00e1n Duffau.<\/p>\n\n\n\n<p>El Ejecutivo sostiene que la acci\u00f3n buscaba &#8220;arrancar decisiones e imponer exigencias&#8221; a la autoridad.<\/p>\n\n\n\n<p>Ahora, estos nuevos antecedentes formar\u00e1n parte de la revisi\u00f3n que deber\u00e1 efectuar la Corte de Apelaciones de Valdivia, instancia en la que tambi\u00e9n se analizar\u00e1 la apelaci\u00f3n a la negativa inicial de decretar prisi\u00f3n preventiva para los involucrados.<\/p>\n\n\n\n<p>En paralelo, la investigaci\u00f3n a cargo de la Polic\u00eda de Investigaciones (PDI) y la fiscal\u00eda regional de Los R\u00edos ya determin\u00f3 que los universitarios formalizados profirieron improperios, empujaron y lanzaron agua a la ministra, quien finalmente debi\u00f3 ser evacuada del recinto con el apoyo de personal policial y de la Armada.<\/p>\n","protected":false},"excerpt":{"rendered":"<p>Cooperativa.cl\/ATON La cartera de Seguridad present\u00f3 la querella ampliada, aduciendo una posible privaci\u00f3n de libertad. Agresi\u00f3n a Lincolao: Gobierno invoca Ley de Seguridad del Estado y acusa secuestro La investigaci\u00f3n&hellip; <\/p>\n","protected":false},"author":1,"featured_media":7873,"comment_status":"closed","ping_status":"open","sticky":false,"template":"","format":"standard","meta":{"_siteseo_robots_primary_cat":"none","_monsterinsights_skip_tracking":false,"_monsterinsights_sitenote_active":false,"_monsterinsights_sitenote_note":"","_monsterinsights_sitenote_category":0,"footnotes":""},"categories":[10],"tags":[],"class_list":["post-7870","post","type-post","status-publish","format-standard","has-post-thumbnail","hentry","category-nacional"],"_links":{"self":[{"href":"https:\/\/chinchorrotelevision.cl\/ma\/wp-json\/wp\/v2\/posts\/7870","targetHints":{"allow":["GET"]}}],"collection":[{"href":"https:\/\/chinchorrotelevision.cl\/ma\/wp-json\/wp\/v2\/posts"}],"about":[{"href":"https:\/\/chinchorrotelevision.cl\/ma\/wp-json\/wp\/v2\/types\/post"}],"author":[{"embeddable":true,"href":"https:\/\/chinchorrotelevision.cl\/ma\/wp-json\/wp\/v2\/users\/1"}],"replies":[{"embeddable":true,"href":"https:\/\/chinchorrotelevision.cl\/ma\/wp-json\/wp\/v2\/comments?post=7870"}],"version-history":[{"count":1,"href":"https:\/\/chinchorrotelevision.cl\/ma\/wp-json\/wp\/v2\/posts\/7870\/revisions"}],"predecessor-version":[{"id":7877,"href":"https:\/\/chinchorrotelevision.cl\/ma\/wp-json\/wp\/v2\/posts\/7870\/revisions\/7877"}],"wp:featuredmedia":[{"embeddable":true,"href":"https:\/\/chinchorrotelevision.cl\/ma\/wp-json\/wp\/v2\/media\/7873"}],"wp:attachment":[{"href":"https:\/\/chinchorrotelevision.cl\/ma\/wp-json\/wp\/v2\/media?parent=7870"}],"wp:term":[{"taxonomy":"category","embeddable":true,"href":"https:\/\/chinchorrotelevision.cl\/ma\/wp-json\/wp\/v2\/categories?post=7870"},{"taxonomy":"post_tag","embeddable":true,"href":"https:\/\/chinchorrotelevision.cl\/ma\/wp-json\/wp\/v2\/tags?post=7870"}],"curies":[{"name":"wp","href":"https:\/\/api.w.org\/{rel}","templated":true}]}}