{"id":7862,"date":"2026-04-26T12:16:06","date_gmt":"2026-04-26T12:16:06","guid":{"rendered":"https:\/\/chinchorrotelevision.cl\/ma\/?p=7862"},"modified":"2026-04-26T12:16:06","modified_gmt":"2026-04-26T12:16:06","slug":"cuba-advierte-no-renunciara-a-su-soberania-frente-al-cerco-de-combustibles","status":"publish","type":"post","link":"https:\/\/chinchorrotelevision.cl\/ma\/2026\/04\/26\/cuba-advierte-no-renunciara-a-su-soberania-frente-al-cerco-de-combustibles\/","title":{"rendered":"CUBA ADVIERTE :&#8221;NO RENUNCIAR\u00c1 A SU SOBERAN\u00cdA&#8221; FRENTE AL CERCO DE COMBUSTIBLES"},"content":{"rendered":"\n<p><strong><em>Europa Press<\/em><\/strong><\/p>\n\n\n\n<figure class=\"wp-block-image size-full is-resized\"><img loading=\"lazy\" decoding=\"async\" width=\"686\" height=\"386\" src=\"https:\/\/chinchorrotelevision.cl\/ma\/wp-content\/uploads\/2026\/04\/A-CUBA-1.jpg\" alt=\"\" class=\"wp-image-7868\" style=\"width:832px;height:auto\" srcset=\"https:\/\/chinchorrotelevision.cl\/ma\/wp-content\/uploads\/2026\/04\/A-CUBA-1.jpg 686w, https:\/\/chinchorrotelevision.cl\/ma\/wp-content\/uploads\/2026\/04\/A-CUBA-1-300x169.jpg 300w\" sizes=\"auto, (max-width: 686px) 100vw, 686px\" \/><\/figure>\n\n\n\n<p>La isla denunci\u00f3 el impacto del bloqueo energ\u00e9tico impulsado por Donald Trump, asegurando que no ceder\u00e1 ante presiones externas y defender\u00e1 su modelo de desarrollo.<\/p>\n\n\n\n<p><a>Europa Press<\/a><\/p>\n\n\n\n<p>La Canciller\u00eda de Cuba ha reiterado este s\u00e1bado, tras el Consejo Ejecutivo de la UNESCO celebrado en Par\u00eds, que &#8220;no renunciar\u00e1 a su derecho soberano de construir su propio modelo de desarrollo&#8221; ante el cerco energ\u00e9tico de Estados Unidos sobre La Habana.<\/p>\n\n\n\n<p>La presidenta de la Comisi\u00f3n Nacional Cubana de la UNESCO y representante de Cuba ante dicho \u00f3rgano, Dulce Mar\u00eda Buergo Rodr\u00edguez, reivindic\u00f3 este viernes ante el Consejo Ejecutivo la &#8220;soberan\u00eda e independencia&#8221; de su pa\u00eds ante lo que ha denunciado como &#8220;las amenazas de agresi\u00f3n militar&#8221; y el &#8220;cerco total a nuestros suministros de combustible&#8221; por parte del presidente de Estados Unidos, Donald Trump, sobre la isla.<\/p>\n\n\n\n<p>&nbsp;&nbsp;&nbsp; &#8220;A este se suma la arbitraria inclusi\u00f3n de Cuba en la lista unilateral de Estados que supuestamente patrocinan el terrorismo, las amenazas de agresi\u00f3n militar y la reciente orden ejecutiva del presidente de Estados Unidos que busca imponer un cerco total a nuestros suministros de combustible bajo la premisa de que las privaciones econ\u00f3micas y los consecuentes da\u00f1os humanos obligar\u00e1n a nuestro pueblo a renunciar a su soberan\u00eda e independencia. No suceder\u00e1&#8221;, asegur\u00f3 Buergo Rodr\u00edguez ante la UNESCO.<\/p>\n\n\n\n<p>Asimismo, la diplom\u00e1tica cubana subray\u00f3 la necesidad de asegurar la soberan\u00eda del pa\u00eds caribe\u00f1o para que, de esta manera, puedan &#8220;construir el pa\u00eds que queremos contribuyendo tambi\u00e9n a la construcci\u00f3n de un mundo mejor y pac\u00edfico&#8221;.<\/p>\n\n\n\n<p>Las declaraciones de Buergo denuncian la postura adquirida por el presidente Trump, que acord\u00f3 un &#8220;cerco energ\u00e9tico&#8221; sobre el pa\u00eds. El propio presidente de Cuba, Miguel D\u00edaz-Canel, apoyaba en febrero dialogar con Estados Unidos &#8220;sin presiones&#8221; y respetando la soberan\u00eda e independencia de la isla caribe\u00f1a.<\/p>\n\n\n\n<p>El bloqueo de petr\u00f3leo estadounidense se basa en la amenaza de imposici\u00f3n de aranceles lanzada por el presidente estadounidense, Donald Trump, y en la intervenci\u00f3n militar de Estados Unidos en Venezuela, que se sald\u00f3 con la muerte de m\u00e1s de un centenar de personas y con la captura del presidente Nicol\u00e1s Maduro.<\/p>\n","protected":false},"excerpt":{"rendered":"<p>Europa Press La isla denunci\u00f3 el impacto del bloqueo energ\u00e9tico impulsado por Donald Trump, asegurando que no ceder\u00e1 ante presiones externas y defender\u00e1 su modelo de desarrollo. Europa Press La&hellip; <\/p>\n","protected":false},"author":1,"featured_media":7867,"comment_status":"closed","ping_status":"open","sticky":false,"template":"","format":"standard","meta":{"_siteseo_robots_primary_cat":"none","_monsterinsights_skip_tracking":false,"_monsterinsights_sitenote_active":false,"_monsterinsights_sitenote_note":"","_monsterinsights_sitenote_category":0,"footnotes":""},"categories":[11],"tags":[],"class_list":["post-7862","post","type-post","status-publish","format-standard","has-post-thumbnail","hentry","category-internacional"],"_links":{"self":[{"href":"https:\/\/chinchorrotelevision.cl\/ma\/wp-json\/wp\/v2\/posts\/7862","targetHints":{"allow":["GET"]}}],"collection":[{"href":"https:\/\/chinchorrotelevision.cl\/ma\/wp-json\/wp\/v2\/posts"}],"about":[{"href":"https:\/\/chinchorrotelevision.cl\/ma\/wp-json\/wp\/v2\/types\/post"}],"author":[{"embeddable":true,"href":"https:\/\/chinchorrotelevision.cl\/ma\/wp-json\/wp\/v2\/users\/1"}],"replies":[{"embeddable":true,"href":"https:\/\/chinchorrotelevision.cl\/ma\/wp-json\/wp\/v2\/comments?post=7862"}],"version-history":[{"count":1,"href":"https:\/\/chinchorrotelevision.cl\/ma\/wp-json\/wp\/v2\/posts\/7862\/revisions"}],"predecessor-version":[{"id":7869,"href":"https:\/\/chinchorrotelevision.cl\/ma\/wp-json\/wp\/v2\/posts\/7862\/revisions\/7869"}],"wp:featuredmedia":[{"embeddable":true,"href":"https:\/\/chinchorrotelevision.cl\/ma\/wp-json\/wp\/v2\/media\/7867"}],"wp:attachment":[{"href":"https:\/\/chinchorrotelevision.cl\/ma\/wp-json\/wp\/v2\/media?parent=7862"}],"wp:term":[{"taxonomy":"category","embeddable":true,"href":"https:\/\/chinchorrotelevision.cl\/ma\/wp-json\/wp\/v2\/categories?post=7862"},{"taxonomy":"post_tag","embeddable":true,"href":"https:\/\/chinchorrotelevision.cl\/ma\/wp-json\/wp\/v2\/tags?post=7862"}],"curies":[{"name":"wp","href":"https:\/\/api.w.org\/{rel}","templated":true}]}}