{"id":7854,"date":"2026-04-25T12:44:18","date_gmt":"2026-04-25T12:44:18","guid":{"rendered":"https:\/\/chinchorrotelevision.cl\/ma\/?p=7854"},"modified":"2026-04-25T12:44:19","modified_gmt":"2026-04-25T12:44:19","slug":"destitucion-a-nuevo-presidente-del-peruel-lunes-27","status":"publish","type":"post","link":"https:\/\/chinchorrotelevision.cl\/ma\/2026\/04\/25\/destitucion-a-nuevo-presidente-del-peruel-lunes-27\/","title":{"rendered":"\u00a0\u00a1!!DESTITUCION A NUEVO PRESIDENTE DEL PER\u00da\u00a1\u00a1\u00a1EL LUNES 27"},"content":{"rendered":"\n<p><strong><em>Por: Jordan Arce<\/em><\/strong><\/p>\n\n\n\n<figure class=\"wp-block-image size-full is-resized\"><img loading=\"lazy\" decoding=\"async\" width=\"580\" height=\"385\" src=\"https:\/\/chinchorrotelevision.cl\/ma\/wp-content\/uploads\/2026\/04\/A-PERU-1.png\" alt=\"\" class=\"wp-image-7860\" style=\"width:837px;height:auto\" srcset=\"https:\/\/chinchorrotelevision.cl\/ma\/wp-content\/uploads\/2026\/04\/A-PERU-1.png 580w, https:\/\/chinchorrotelevision.cl\/ma\/wp-content\/uploads\/2026\/04\/A-PERU-1-300x199.png 300w\" sizes=\"auto, (max-width: 580px) 100vw, 580px\" \/><\/figure>\n\n\n\n<p>La adquisici\u00f3n de los modernos cazas estadounidenses desencaden\u00f3 dimisiones ministeriales, abri\u00f3 un nuevo frente de disputas entre el Ejecutivo y el Congreso y puso en entredicho la autoridad presidencial. El desembolso millonario y la manera en que se concret\u00f3 el contrato han provocado interrogantes sobre transparencia, liderazgo y rumbo geopol\u00edtico<\/p>\n\n\n\n<p><strong>La reciente adquisici\u00f3n de veinticuatro aviones de combate F-16 por parte del Estado peruano desencaden\u00f3 una crisis pol\u00edtica de gran magnitud, situando al presidente interino, Jos\u00e9 Mar\u00eda Balc\u00e1zar, en el centro de una controversia que podr\u00eda llevarlo a la destituci\u00f3n este lunes 27 de abril.<\/strong><\/p>\n\n\n\n<p>La operaci\u00f3n, valorada en tres mil quinientos millones de d\u00f3lares y concretada con la empresa estadounidense Lockheed Martin, provoc\u00f3 la renuncia de los ministros de Defensa y Relaciones Exteriores, as\u00ed como una moci\u00f3n de censura en el Congreso contra el mandatario peruano por anunciar que iba a postergar la compra para el pr\u00f3ximo gobierno. La situaci\u00f3n ya pone en duda la estabilidad del Ejecutivo y el curso de la pol\u00edtica de defensa nacional.<\/p>\n\n\n\n<p>Renuncias y pugnas<\/p>\n\n\n\n<p>El mi\u00e9rcoles pasado, los ministros de Defensa y de Asuntos Exteriores presentaron sus renuncias tras un enfrentamiento con el presidente Balc\u00e1zar sobre la concreci\u00f3n del contrato para la compra de los F-16 estadounidenses.<\/p>\n\n\n\n<p>Dimiten los ministros de Defensa y Exteriores de Per\u00fa por aplazamiento de la compra de aviones F-16<\/p>\n\n\n\n<p>Hugo de Zela, exministro de Relaciones Exteriores, explic\u00f3 su dimisi\u00f3n con estas palabras: \u201cLa raz\u00f3n por la que he renunciado es similar. Y es porque estoy en completo desacuerdo con la decisi\u00f3n que ha tomado el presidente Balc\u00e1zar en un tema de seguridad nacional y porque, adem\u00e1s, considero que cuando un pa\u00eds no cumple la palabra empe\u00f1ada, pierde credibilidad y no hace posible desarrollar adecuadamente la tarea del canciller\u201d.<\/p>\n\n\n\n<p>A pesar de que Balc\u00e1zar declar\u00f3 p\u00fablicamente que la compra no se hab\u00eda concretado y que correspond\u00eda a la siguiente administraci\u00f3n decidir sobre el proceso, el presidente del Congreso y el primer ministro confirmaron que la adquisici\u00f3n estaba en marcha y que el primer pago ya se hab\u00eda realizado. El monto inicial transferido ascendi\u00f3 a cuatrocientos sesenta y dos millones de d\u00f3lares.<\/p>\n\n\n\n<p>Declaraciones cruzadas<\/p>\n\n\n\n<p>El presidente Balc\u00e1zar defendi\u00f3 su posici\u00f3n se\u00f1alando en un mensaje en se\u00f1al abierta: \u201cLo que yo estoy diciendo es que esos contratos, que se han celebrado antes, se respeten por el nuevo gobierno que venga despu\u00e9s de las elecciones y nada m\u00e1s. O sea que no se pueden tergiversar mis declaraciones\u201d.<\/p>\n\n\n\n<p>Sin embargo, la contradicci\u00f3n entre sus palabras y los actos administrativos registrados desde el Ejecutivo gener\u00f3 un clima de incertidumbre, agravado por la presi\u00f3n de diversos sectores pol\u00edticos que consideraron la situaci\u00f3n como una falta de liderazgo.<\/p>\n\n\n\n<p>Publicidad<\/p>\n\n\n\n<p>El excomandante general de la Fuerza A\u00e9rea del Per\u00fa, Carlos Ch\u00e1vez Cateriano, puntualiz\u00f3 que el proceso de selecci\u00f3n y adquisici\u00f3n de los aviones se realiz\u00f3 sin la necesidad de la firma presidencial, tal como lo permite la normativa de contrataciones estatal.<\/p>\n\n\n\n<p>\u201cSe firm\u00f3 tambi\u00e9n el d\u00eda lunes (20 de abril) por la tarde. Esos son los dos documentos que se han firmado y en ninguno de ellos est\u00e1 presente la firma del se\u00f1or presidente, porque la norma de contrataciones del Estado no lo exige. Entonces, nosotros hemos hecho lo que corresponde de acuerdo a ley\u201d, explic\u00f3 en RPP Noticias.<\/p>\n\n\n\n<p>La g\u00e9nesis de la compra<\/p>\n\n\n\n<p>Ch\u00e1vez Cateriano, adem\u00e1s, detall\u00f3 que la Fuerza A\u00e9rea tom\u00f3 catorce a\u00f1os para definir la mejor opci\u00f3n tecnol\u00f3gica y que la decisi\u00f3n de optar por los F-16 fue producto de una evaluaci\u00f3n exhaustiva entre modelos estadounidenses, europeos y rusos.<\/p>\n\n\n\n<p>\u201cEn el a\u00f1o 2012 se conforma una comisi\u00f3n t\u00e9cnica, presidida por quien le habla, para evaluar el reemplazo de los Mirages 2000 y de los Mig-29. En aquella oportunidad se invitaron a postores de todo el mundo. [\u2026] Finalmente, quedan tres finalistas, y se hizo una presentaci\u00f3n a la se\u00f1ora presidenta, que era Dina Boluarte en aquella \u00e9poca, con presencia del primer ministro y del ministro de Defensa\u201d, expres\u00f3 Ch\u00e1vez Cateriano.<\/p>\n\n\n\n<p>Tras la aprobaci\u00f3n en el Consejo de Seguridad y Defensa Nacional, instancia presidida por el jefe de Estado, y el visto bueno del Congreso y la Contralor\u00eda de la Rep\u00fablica, se procedi\u00f3 a la firma de los documentos con Lockheed Martin.<\/p>\n\n\n\n<p>\u201cEste proyecto ten\u00eda la aprobaci\u00f3n de todos los niveles de gobierno, del presidente, del Consejo de Ministros, de la Canciller\u00eda, del Congreso, de la Contralor\u00eda General de la Rep\u00fablica y finalmente del Consejo de Seguridad y Defensa Nacional. Recordemos que este no es un proyecto solamente de la Fuerza A\u00e9rea, es un proyecto de Estado para la defensa nacional de los intereses de nuestro pa\u00eds por los pr\u00f3ximos cuarenta a\u00f1os\u201d, subray\u00f3 Ch\u00e1vez Cateriano.<\/p>\n\n\n\n<p>Costos, fases y compromisos<\/p>\n\n\n\n<p>La operaci\u00f3n se dividir\u00e1 en dos etapas: la primera incluye la compra de doce aviones junto con el sistema log\u00edstico en tierra y equipos de mantenimiento, mientras que la segunda etapa contempla los otros doce aviones. El costo total asciende a tres mil quinientos millones de d\u00f3lares, distribuidos entre los presupuestos de 2025 y 2026.<\/p>\n\n\n\n<p>Tras la tormenta pol\u00edtica en el Ejecutivo, el embajador de Estados Unidos en Per\u00fa, Bernie Navarro, expres\u00f3 su satisfacci\u00f3n por la concreci\u00f3n del acuerdo: \u201cEstamos muy contentos con el trato que se cerr\u00f3 y continuaremos apoyando a Per\u00fa en temas de seguridad\u201d.<\/p>\n\n\n\n<p>Navarro tambi\u00e9n inform\u00f3 que el primer lote de aviones llegar\u00e1 en 2029 y que la entrega del segundo depender\u00e1 de los tiempos de producci\u00f3n de Lockheed Martin.<\/p>\n\n\n\n<p>Legalidad de la firma<\/p>\n\n\n\n<p>El exministro de Defensa, Walter Astudillo, explic\u00f3 que la firma del contrato correspondi\u00f3 a un coronel de la Fuerza A\u00e9rea y no al presidente, tal como lo establece la normativa vigente.<\/p>\n\n\n\n<p>Astudillo remarc\u00f3: \u201cLa compra fue aprobada en el gobierno de la presidenta Boluarte, un a\u00f1o y medio de gestiones, el Congreso aprueba el presupuesto. Se hacen las conversaciones con los tres pa\u00edses de tal manera que bajen su oferta econ\u00f3mica y brinden las mejores opciones para el pa\u00eds\u201d.<\/p>\n\n\n\n<p>La postura de Balc\u00e1zar, al mostrar reparos en la \u00faltima fase del proceso, fue interpretada como una contradicci\u00f3n, al punto que Astudillo se\u00f1al\u00f3: \u201cEs una situaci\u00f3n muy complicada y me apena abordar este tema porque es el jefe supremo de las Fuerzas Armadas, el jefe de Estado. El que representa a la naci\u00f3n. Y que tiene una obligaci\u00f3n constitucional que es velar por el orden interno y la seguridad externa, y tomar las medidas adecuadas para garantizar la integridad territorial y la soberan\u00eda del pa\u00eds\u201d.<\/p>\n\n\n\n<p>El an\u00e1lisis internacional<\/p>\n\n\n\n<p>\u00d3scar Vidarte, internacionalista, aport\u00f3 una mirada sobre el impacto de la compra en la pol\u00edtica exterior peruana y el equilibrio entre Estados Unidos y China.<\/p>\n\n\n\n<p>\u201cEl equilibrio del Per\u00fa respecto a Estados Unidos y China no se organiza en funci\u00f3n de agendas. No es que con uno (tenga una) alianza econ\u00f3mica (por el Megapuerto de Chancay) y con el otro, una alianza militar. As\u00ed no funciona\u201d, explic\u00f3.<\/p>\n\n\n\n<p>Vidarte sostuvo que la decisi\u00f3n de adquirir los F-16 se enmarca en una serie de se\u00f1ales de acercamiento a Estados Unidos, que incluyen la base naval y el reconocimiento como aliado estrat\u00e9gico de la OTAN.<\/p>\n\n\n\n<p>\u201cLo que hemos visto en los \u00faltimos meses es un alineamiento claramente militar con Estados Unidos. Y recordemos que nuestra historia pasada, estos alineamientos con Norteam\u00e9rica no siempre han sido los m\u00e1s positivos\u201d, expres\u00f3.<\/p>\n\n\n\n<p>El internacionalista agreg\u00f3 que la operaci\u00f3n de los F-16 podr\u00eda requerir autorizaci\u00f3n de Estados Unidos para ciertas acciones, lo que plantea interrogantes sobre la autonom\u00eda peruana en materia de defensa.<\/p>\n\n\n\n<p>\u201cEl mismo almirante Jorge Montoya (congresista de la Rep\u00fablica) ha dicho que estos aviones probablemente no sirvan para llevar a cabo ciertas acciones que Estados Unidos no quiere. Es decir, nuestra seguridad, a partir de la compra de estos aviones, podr\u00eda en gran parte depender de los intereses de los Estados Unidos\u201d.<\/p>\n\n\n\n<p>Las repercusiones<\/p>\n\n\n\n<p>La controversia por la adquisici\u00f3n de los F-16 ya deriv\u00f3 en una moci\u00f3n de censura contra el presidente interino Balc\u00e1zar en el Congreso, impulsada por parlamentarios que cuestionan su manejo del proceso y la supuesta falta de claridad en sus declaraciones.<\/p>\n\n\n\n<p>La discusi\u00f3n sobre su eventual destituci\u00f3n est\u00e1 programada para los pr\u00f3ximos d\u00edas, en un escenario marcado por la inestabilidad pol\u00edtica y la presi\u00f3n de las fuerzas armadas y civiles. De aprobarse, Balc\u00e1zar dejar\u00e1 de presidir la Mesa Directiva del Congreso y, por lo tanto, no podr\u00e1 seguir ocupando la Presidencia de la Rep\u00fablica por su sucesi\u00f3n constitucional.<\/p>\n\n\n\n<p>Mientras tanto, el embajador Navarro reafirm\u00f3 el inter\u00e9s de Estados Unidos en profundizar la cooperaci\u00f3n bilateral y atraer nuevas inversiones al pa\u00eds: \u201cCon el trato que se cerr\u00f3 hay seriedad, y eso permitir\u00e1 que m\u00e1s empresas se interesen en invertir aqu\u00ed\u201d.<\/p>\n\n\n\n<p>La compra de los F-16 ha expuesto tensiones institucionales, ha puesto a prueba la figura presidencial y ha abierto un debate sobre la orientaci\u00f3n de la pol\u00edtica exterior peruana, en un contexto donde la seguridad nacional y la credibilidad internacional est\u00e1n en juego, remarcan los expertos.<\/p>\n\n\n\n<p>La adquisici\u00f3n de los modernos cazas estadounidenses desencaden\u00f3 dimisiones ministeriales, abri\u00f3 un nuevo frente de disputas entre el Ejecutivo y el Congreso y puso en entredicho la autoridad presidencial. El desembolso millonario y la manera en que se concret\u00f3 el contrato han provocado interrogantes sobre transparencia, liderazgo y rumbo geopol\u00edtico<\/p>\n\n\n\n<p><strong>La reciente adquisici\u00f3n de veinticuatro aviones de combate F-16 por parte del Estado peruano desencaden\u00f3 una crisis pol\u00edtica de gran magnitud, situando al presidente interino, Jos\u00e9 Mar\u00eda Balc\u00e1zar, en el centro de una controversia que podr\u00eda llevarlo a la destituci\u00f3n este lunes 27 de abril.<\/strong><\/p>\n\n\n\n<p>La operaci\u00f3n, valorada en tres mil quinientos millones de d\u00f3lares y concretada con la empresa estadounidense Lockheed Martin, provoc\u00f3 la renuncia de los ministros de Defensa y Relaciones Exteriores, as\u00ed como una moci\u00f3n de censura en el Congreso contra el mandatario peruano por anunciar que iba a postergar la compra para el pr\u00f3ximo gobierno. La situaci\u00f3n ya pone en duda la estabilidad del Ejecutivo y el curso de la pol\u00edtica de defensa nacional.<\/p>\n\n\n\n<p>Renuncias y pugnas<\/p>\n\n\n\n<p>El mi\u00e9rcoles pasado, los ministros de Defensa y de Asuntos Exteriores presentaron sus renuncias tras un enfrentamiento con el presidente Balc\u00e1zar sobre la concreci\u00f3n del contrato para la compra de los F-16 estadounidenses.<\/p>\n\n\n\n<p>Dimiten los ministros de Defensa y Exteriores de Per\u00fa por aplazamiento de la compra de aviones F-16<\/p>\n\n\n\n<p>Hugo de Zela, exministro de Relaciones Exteriores, explic\u00f3 su dimisi\u00f3n con estas palabras: \u201cLa raz\u00f3n por la que he renunciado es similar. Y es porque estoy en completo desacuerdo con la decisi\u00f3n que ha tomado el presidente Balc\u00e1zar en un tema de seguridad nacional y porque, adem\u00e1s, considero que cuando un pa\u00eds no cumple la palabra empe\u00f1ada, pierde credibilidad y no hace posible desarrollar adecuadamente la tarea del canciller\u201d.<\/p>\n\n\n\n<p>A pesar de que Balc\u00e1zar declar\u00f3 p\u00fablicamente que la compra no se hab\u00eda concretado y que correspond\u00eda a la siguiente administraci\u00f3n decidir sobre el proceso, el presidente del Congreso y el primer ministro confirmaron que la adquisici\u00f3n estaba en marcha y que el primer pago ya se hab\u00eda realizado. El monto inicial transferido ascendi\u00f3 a cuatrocientos sesenta y dos millones de d\u00f3lares.<\/p>\n\n\n\n<p>Declaraciones cruzadas<\/p>\n\n\n\n<p>El presidente Balc\u00e1zar defendi\u00f3 su posici\u00f3n se\u00f1alando en un mensaje en se\u00f1al abierta: \u201cLo que yo estoy diciendo es que esos contratos, que se han celebrado antes, se respeten por el nuevo gobierno que venga despu\u00e9s de las elecciones y nada m\u00e1s. O sea que no se pueden tergiversar mis declaraciones\u201d.<\/p>\n\n\n\n<p>Sin embargo, la contradicci\u00f3n entre sus palabras y los actos administrativos registrados desde el Ejecutivo gener\u00f3 un clima de incertidumbre, agravado por la presi\u00f3n de diversos sectores pol\u00edticos que consideraron la situaci\u00f3n como una falta de liderazgo.<\/p>\n\n\n\n<p>Publicidad<\/p>\n\n\n\n<p>El excomandante general de la Fuerza A\u00e9rea del Per\u00fa, Carlos Ch\u00e1vez Cateriano, puntualiz\u00f3 que el proceso de selecci\u00f3n y adquisici\u00f3n de los aviones se realiz\u00f3 sin la necesidad de la firma presidencial, tal como lo permite la normativa de contrataciones estatal.<\/p>\n\n\n\n<p>\u201cSe firm\u00f3 tambi\u00e9n el d\u00eda lunes (20 de abril) por la tarde. Esos son los dos documentos que se han firmado y en ninguno de ellos est\u00e1 presente la firma del se\u00f1or presidente, porque la norma de contrataciones del Estado no lo exige. Entonces, nosotros hemos hecho lo que corresponde de acuerdo a ley\u201d, explic\u00f3 en RPP Noticias.<\/p>\n\n\n\n<p>La g\u00e9nesis de la compra<\/p>\n\n\n\n<p>Ch\u00e1vez Cateriano, adem\u00e1s, detall\u00f3 que la Fuerza A\u00e9rea tom\u00f3 catorce a\u00f1os para definir la mejor opci\u00f3n tecnol\u00f3gica y que la decisi\u00f3n de optar por los F-16 fue producto de una evaluaci\u00f3n exhaustiva entre modelos estadounidenses, europeos y rusos.<\/p>\n\n\n\n<p>\u201cEn el a\u00f1o 2012 se conforma una comisi\u00f3n t\u00e9cnica, presidida por quien le habla, para evaluar el reemplazo de los Mirages 2000 y de los Mig-29. En aquella oportunidad se invitaron a postores de todo el mundo. [\u2026] Finalmente, quedan tres finalistas, y se hizo una presentaci\u00f3n a la se\u00f1ora presidenta, que era Dina Boluarte en aquella \u00e9poca, con presencia del primer ministro y del ministro de Defensa\u201d, expres\u00f3 Ch\u00e1vez Cateriano.<\/p>\n\n\n\n<p>Tras la aprobaci\u00f3n en el Consejo de Seguridad y Defensa Nacional, instancia presidida por el jefe de Estado, y el visto bueno del Congreso y la Contralor\u00eda de la Rep\u00fablica, se procedi\u00f3 a la firma de los documentos con Lockheed Martin.<\/p>\n\n\n\n<p>\u201cEste proyecto ten\u00eda la aprobaci\u00f3n de todos los niveles de gobierno, del presidente, del Consejo de Ministros, de la Canciller\u00eda, del Congreso, de la Contralor\u00eda General de la Rep\u00fablica y finalmente del Consejo de Seguridad y Defensa Nacional. Recordemos que este no es un proyecto solamente de la Fuerza A\u00e9rea, es un proyecto de Estado para la defensa nacional de los intereses de nuestro pa\u00eds por los pr\u00f3ximos cuarenta a\u00f1os\u201d, subray\u00f3 Ch\u00e1vez Cateriano.<\/p>\n\n\n\n<p>Costos, fases y compromisos<\/p>\n\n\n\n<p>La operaci\u00f3n se dividir\u00e1 en dos etapas: la primera incluye la compra de doce aviones junto con el sistema log\u00edstico en tierra y equipos de mantenimiento, mientras que la segunda etapa contempla los otros doce aviones. El costo total asciende a tres mil quinientos millones de d\u00f3lares, distribuidos entre los presupuestos de 2025 y 2026.<\/p>\n\n\n\n<p>Tras la tormenta pol\u00edtica en el Ejecutivo, el embajador de Estados Unidos en Per\u00fa, Bernie Navarro, expres\u00f3 su satisfacci\u00f3n por la concreci\u00f3n del acuerdo: \u201cEstamos muy contentos con el trato que se cerr\u00f3 y continuaremos apoyando a Per\u00fa en temas de seguridad\u201d.<\/p>\n\n\n\n<p>Navarro tambi\u00e9n inform\u00f3 que el primer lote de aviones llegar\u00e1 en 2029 y que la entrega del segundo depender\u00e1 de los tiempos de producci\u00f3n de Lockheed Martin.<\/p>\n\n\n\n<p>Legalidad de la firma<\/p>\n\n\n\n<p>El exministro de Defensa, Walter Astudillo, explic\u00f3 que la firma del contrato correspondi\u00f3 a un coronel de la Fuerza A\u00e9rea y no al presidente, tal como lo establece la normativa vigente.<\/p>\n\n\n\n<p>Astudillo remarc\u00f3: \u201cLa compra fue aprobada en el gobierno de la presidenta Boluarte, un a\u00f1o y medio de gestiones, el Congreso aprueba el presupuesto. Se hacen las conversaciones con los tres pa\u00edses de tal manera que bajen su oferta econ\u00f3mica y brinden las mejores opciones para el pa\u00eds\u201d.<\/p>\n\n\n\n<p>La postura de Balc\u00e1zar, al mostrar reparos en la \u00faltima fase del proceso, fue interpretada como una contradicci\u00f3n, al punto que Astudillo se\u00f1al\u00f3: \u201cEs una situaci\u00f3n muy complicada y me apena abordar este tema porque es el jefe supremo de las Fuerzas Armadas, el jefe de Estado. El que representa a la naci\u00f3n. Y que tiene una obligaci\u00f3n constitucional que es velar por el orden interno y la seguridad externa, y tomar las medidas adecuadas para garantizar la integridad territorial y la soberan\u00eda del pa\u00eds\u201d.<\/p>\n\n\n\n<p>El an\u00e1lisis internacional<\/p>\n\n\n\n<p>\u00d3scar Vidarte, internacionalista, aport\u00f3 una mirada sobre el impacto de la compra en la pol\u00edtica exterior peruana y el equilibrio entre Estados Unidos y China.<\/p>\n\n\n\n<p>\u201cEl equilibrio del Per\u00fa respecto a Estados Unidos y China no se organiza en funci\u00f3n de agendas. No es que con uno (tenga una) alianza econ\u00f3mica (por el Megapuerto de Chancay) y con el otro, una alianza militar. As\u00ed no funciona\u201d, explic\u00f3.<\/p>\n\n\n\n<p>Vidarte sostuvo que la decisi\u00f3n de adquirir los F-16 se enmarca en una serie de se\u00f1ales de acercamiento a Estados Unidos, que incluyen la base naval y el reconocimiento como aliado estrat\u00e9gico de la OTAN.<\/p>\n\n\n\n<p>\u201cLo que hemos visto en los \u00faltimos meses es un alineamiento claramente militar con Estados Unidos. Y recordemos que nuestra historia pasada, estos alineamientos con Norteam\u00e9rica no siempre han sido los m\u00e1s positivos\u201d, expres\u00f3.<\/p>\n\n\n\n<p>El internacionalista agreg\u00f3 que la operaci\u00f3n de los F-16 podr\u00eda requerir autorizaci\u00f3n de Estados Unidos para ciertas acciones, lo que plantea interrogantes sobre la autonom\u00eda peruana en materia de defensa.<\/p>\n\n\n\n<p>\u201cEl mismo almirante Jorge Montoya (congresista de la Rep\u00fablica) ha dicho que estos aviones probablemente no sirvan para llevar a cabo ciertas acciones que Estados Unidos no quiere. Es decir, nuestra seguridad, a partir de la compra de estos aviones, podr\u00eda en gran parte depender de los intereses de los Estados Unidos\u201d.<\/p>\n\n\n\n<p>Las repercusiones<\/p>\n\n\n\n<p>La controversia por la adquisici\u00f3n de los F-16 ya deriv\u00f3 en una moci\u00f3n de censura contra el presidente interino Balc\u00e1zar en el Congreso, impulsada por parlamentarios que cuestionan su manejo del proceso y la supuesta falta de claridad en sus declaraciones.<\/p>\n\n\n\n<p>La discusi\u00f3n sobre su eventual destituci\u00f3n est\u00e1 programada para los pr\u00f3ximos d\u00edas, en un escenario marcado por la inestabilidad pol\u00edtica y la presi\u00f3n de las fuerzas armadas y civiles. De aprobarse, Balc\u00e1zar dejar\u00e1 de presidir la Mesa Directiva del Congreso y, por lo tanto, no podr\u00e1 seguir ocupando la Presidencia de la Rep\u00fablica por su sucesi\u00f3n constitucional.<\/p>\n\n\n\n<p>Mientras tanto, el embajador Navarro reafirm\u00f3 el inter\u00e9s de Estados Unidos en profundizar la cooperaci\u00f3n bilateral y atraer nuevas inversiones al pa\u00eds: \u201cCon el trato que se cerr\u00f3 hay seriedad, y eso permitir\u00e1 que m\u00e1s empresas se interesen en invertir aqu\u00ed\u201d.<\/p>\n\n\n\n<p>La compra de los F-16 ha expuesto tensiones institucionales, ha puesto a prueba la figura presidencial y ha abierto un debate sobre la orientaci\u00f3n de la pol\u00edtica exterior peruana, en un contexto donde la seguridad nacional y la credibilidad internacional est\u00e1n en juego, remarcan los expertos.<\/p>\n","protected":false},"excerpt":{"rendered":"<p>Por: Jordan Arce La adquisici\u00f3n de los modernos cazas estadounidenses desencaden\u00f3 dimisiones ministeriales, abri\u00f3 un nuevo frente de disputas entre el Ejecutivo y el Congreso y puso en entredicho la&hellip; <\/p>\n","protected":false},"author":1,"featured_media":7857,"comment_status":"closed","ping_status":"open","sticky":false,"template":"","format":"standard","meta":{"_siteseo_robots_primary_cat":"none","_monsterinsights_skip_tracking":false,"_monsterinsights_sitenote_active":false,"_monsterinsights_sitenote_note":"","_monsterinsights_sitenote_category":0,"footnotes":""},"categories":[11],"tags":[],"class_list":["post-7854","post","type-post","status-publish","format-standard","has-post-thumbnail","hentry","category-internacional"],"_links":{"self":[{"href":"https:\/\/chinchorrotelevision.cl\/ma\/wp-json\/wp\/v2\/posts\/7854","targetHints":{"allow":["GET"]}}],"collection":[{"href":"https:\/\/chinchorrotelevision.cl\/ma\/wp-json\/wp\/v2\/posts"}],"about":[{"href":"https:\/\/chinchorrotelevision.cl\/ma\/wp-json\/wp\/v2\/types\/post"}],"author":[{"embeddable":true,"href":"https:\/\/chinchorrotelevision.cl\/ma\/wp-json\/wp\/v2\/users\/1"}],"replies":[{"embeddable":true,"href":"https:\/\/chinchorrotelevision.cl\/ma\/wp-json\/wp\/v2\/comments?post=7854"}],"version-history":[{"count":1,"href":"https:\/\/chinchorrotelevision.cl\/ma\/wp-json\/wp\/v2\/posts\/7854\/revisions"}],"predecessor-version":[{"id":7861,"href":"https:\/\/chinchorrotelevision.cl\/ma\/wp-json\/wp\/v2\/posts\/7854\/revisions\/7861"}],"wp:featuredmedia":[{"embeddable":true,"href":"https:\/\/chinchorrotelevision.cl\/ma\/wp-json\/wp\/v2\/media\/7857"}],"wp:attachment":[{"href":"https:\/\/chinchorrotelevision.cl\/ma\/wp-json\/wp\/v2\/media?parent=7854"}],"wp:term":[{"taxonomy":"category","embeddable":true,"href":"https:\/\/chinchorrotelevision.cl\/ma\/wp-json\/wp\/v2\/categories?post=7854"},{"taxonomy":"post_tag","embeddable":true,"href":"https:\/\/chinchorrotelevision.cl\/ma\/wp-json\/wp\/v2\/tags?post=7854"}],"curies":[{"name":"wp","href":"https:\/\/api.w.org\/{rel}","templated":true}]}}