{"id":7846,"date":"2026-04-25T12:42:18","date_gmt":"2026-04-25T12:42:18","guid":{"rendered":"https:\/\/chinchorrotelevision.cl\/ma\/?p=7846"},"modified":"2026-04-25T12:42:20","modified_gmt":"2026-04-25T12:42:20","slug":"maraton-de-santiago-dejara-desvios-calles-cerradas-y-cientos-de-recorridos-red-afectados","status":"publish","type":"post","link":"https:\/\/chinchorrotelevision.cl\/ma\/2026\/04\/25\/maraton-de-santiago-dejara-desvios-calles-cerradas-y-cientos-de-recorridos-red-afectados\/","title":{"rendered":"MARAT\u00d3N DE SANTIAGO DEJAR\u00c1 DESV\u00cdOS, CALLES CERRADAS Y CIENTOS DE RECORRIDOS RED AFECTADOS"},"content":{"rendered":"\n<p><strong><em>Felipe Delgado BIO BIO CHILE<\/em><\/strong><\/p>\n\n\n\n<figure class=\"wp-block-image size-full is-resized\"><img loading=\"lazy\" decoding=\"async\" width=\"633\" height=\"334\" src=\"https:\/\/chinchorrotelevision.cl\/ma\/wp-content\/uploads\/2026\/04\/a-marat-1.png\" alt=\"\" class=\"wp-image-7852\" style=\"width:840px;height:auto\" srcset=\"https:\/\/chinchorrotelevision.cl\/ma\/wp-content\/uploads\/2026\/04\/a-marat-1.png 633w, https:\/\/chinchorrotelevision.cl\/ma\/wp-content\/uploads\/2026\/04\/a-marat-1-300x158.png 300w\" sizes=\"auto, (max-width: 633px) 100vw, 633px\" \/><\/figure>\n\n\n\n<p>Marat\u00f3n de Santiago: revisa los cierres de calles, desv\u00edos y recorridos RED afectados<\/p>\n\n\n\n<p>Este s\u00e1bado comienzan los desv\u00edos por la Marat\u00f3n de Santiago, que se corre el pr\u00f3ximo domingo 26 por las calles de la regi\u00f3n Metropolitana.<\/p>\n\n\n\n<p>Desde las 9:00 de la ma\u00f1ana de este s\u00e1bado se implementar\u00e1n cortes en las calles ubicadas alrededor de La Moneda.<\/p>\n\n\n\n<p>En tanto, a las 12:00 se implementar\u00e1 un corte en la Alameda, entre Miraflores y Manuel Rodr\u00edguez.<\/p>\n\n\n\n<p>Se trata de los sectores donde se ubican tanto las largadas como las metas, por lo que los dos cortes durar\u00e1n hasta las 18:00 del domingo 26.<\/p>\n\n\n\n<p>Cortes por la Marat\u00f3n de Santiago<\/p>\n\n\n\n<p>Ya en el mismo domingo, no se podr\u00e1 circular por las calles donde pasar\u00e1n la marat\u00f3n, la media marat\u00f3n y los 10K.<\/p>\n\n\n\n<p>Por lo mismo, hay que considerar que dichas arterias tampoco se podr\u00e1n cruzar en caso de que vayan pasando atletas.<\/p>\n\n\n\n<p>Esto afectar\u00e1 varias avenidas importantes, como la Alameda, la avenida Matta, Grecia, Antonio Varas, Los Leones, Macul, avenida Ossa, Andr\u00e9s Bello y la avenida Providencia.<\/p>\n\n\n\n<p>Revisa los mapas por donde pasar\u00e1n las competencias.<\/p>\n\n\n\n<p>M\u00e1s de 100 servicios RED desviados<\/p>\n\n\n\n<p>A ra\u00edz de lo mismo, 127 recorridos del sistema RED se ver\u00e1n afectados por la marat\u00f3n. Espec\u00edficamente, entre las 5:30 de la ma\u00f1ana y las 14:30 horas del domingo.<\/p>\n\n\n\n<p>Publicidad<\/p>\n\n\n\n<p>En este link, podr\u00e1s ver un completo listado de todos los recorridos afectados por la marat\u00f3n.<\/p>\n\n\n\n<p>Metro con apertura m\u00e1s temprano<\/p>\n\n\n\n<p>Para facilitar el traslado de los corredores y de quienes se ver\u00e1n afectados por los cortes, las l\u00edneas 1, 2, 3 y 5 del Metro comenzar\u00e1n a funcionar a las 6:00 de la ma\u00f1ana del domingo, 90 minutos antes de la apertura habitual.<\/p>\n\n\n\n<p>Salidas cerradas en la Ruta 5 por Marat\u00f3n de Santiago<\/p>\n\n\n\n<p>Finalmente, la concesionaria Autopista Central inform\u00f3 que desde las 7:00 de la ma\u00f1ana del domingo cerrar\u00e1 las siguientes salidas de la Ruta 5.<\/p>\n\n\n\n<p>Direcci\u00f3n norte: Salida Av. Matta \u2013 10 de Julio.&nbsp;&nbsp;&nbsp;&nbsp; Direcci\u00f3n norte: Salida Santa Isabel.&nbsp;&nbsp;&nbsp;&nbsp; Direcci\u00f3n sur: Salida Agustinas.&nbsp;&nbsp;&nbsp;&nbsp;&nbsp; &nbsp;Direcci\u00f3n sur: Salida Toesca.<\/p>\n","protected":false},"excerpt":{"rendered":"<p>Felipe Delgado BIO BIO CHILE Marat\u00f3n de Santiago: revisa los cierres de calles, desv\u00edos y recorridos RED afectados Este s\u00e1bado comienzan los desv\u00edos por la Marat\u00f3n de Santiago, que se&hellip; <\/p>\n","protected":false},"author":1,"featured_media":7850,"comment_status":"closed","ping_status":"open","sticky":false,"template":"","format":"standard","meta":{"_siteseo_robots_primary_cat":"none","_monsterinsights_skip_tracking":false,"_monsterinsights_sitenote_active":false,"_monsterinsights_sitenote_note":"","_monsterinsights_sitenote_category":0,"footnotes":""},"categories":[10],"tags":[],"class_list":["post-7846","post","type-post","status-publish","format-standard","has-post-thumbnail","hentry","category-nacional"],"_links":{"self":[{"href":"https:\/\/chinchorrotelevision.cl\/ma\/wp-json\/wp\/v2\/posts\/7846","targetHints":{"allow":["GET"]}}],"collection":[{"href":"https:\/\/chinchorrotelevision.cl\/ma\/wp-json\/wp\/v2\/posts"}],"about":[{"href":"https:\/\/chinchorrotelevision.cl\/ma\/wp-json\/wp\/v2\/types\/post"}],"author":[{"embeddable":true,"href":"https:\/\/chinchorrotelevision.cl\/ma\/wp-json\/wp\/v2\/users\/1"}],"replies":[{"embeddable":true,"href":"https:\/\/chinchorrotelevision.cl\/ma\/wp-json\/wp\/v2\/comments?post=7846"}],"version-history":[{"count":1,"href":"https:\/\/chinchorrotelevision.cl\/ma\/wp-json\/wp\/v2\/posts\/7846\/revisions"}],"predecessor-version":[{"id":7853,"href":"https:\/\/chinchorrotelevision.cl\/ma\/wp-json\/wp\/v2\/posts\/7846\/revisions\/7853"}],"wp:featuredmedia":[{"embeddable":true,"href":"https:\/\/chinchorrotelevision.cl\/ma\/wp-json\/wp\/v2\/media\/7850"}],"wp:attachment":[{"href":"https:\/\/chinchorrotelevision.cl\/ma\/wp-json\/wp\/v2\/media?parent=7846"}],"wp:term":[{"taxonomy":"category","embeddable":true,"href":"https:\/\/chinchorrotelevision.cl\/ma\/wp-json\/wp\/v2\/categories?post=7846"},{"taxonomy":"post_tag","embeddable":true,"href":"https:\/\/chinchorrotelevision.cl\/ma\/wp-json\/wp\/v2\/tags?post=7846"}],"curies":[{"name":"wp","href":"https:\/\/api.w.org\/{rel}","templated":true}]}}