{"id":7826,"date":"2026-04-24T11:42:09","date_gmt":"2026-04-24T11:42:09","guid":{"rendered":"https:\/\/chinchorrotelevision.cl\/ma\/?p=7826"},"modified":"2026-04-24T11:42:09","modified_gmt":"2026-04-24T11:42:09","slug":"delcy-rodriguez-anuncio-que-la-amnistia-en-venezuela-llega-a-su-fin","status":"publish","type":"post","link":"https:\/\/chinchorrotelevision.cl\/ma\/2026\/04\/24\/delcy-rodriguez-anuncio-que-la-amnistia-en-venezuela-llega-a-su-fin\/","title":{"rendered":"DELCY RODR\u00cdGUEZ ANUNCI\u00d3 QUE LA AMNIST\u00cdA EN VENEZUELA &#8220;LLEGA A SU FIN&#8221;"},"content":{"rendered":"\n<p><strong><em>Periodista Digital: EFE<\/em><\/strong><\/p>\n\n\n\n<figure class=\"wp-block-image size-full is-resized\"><img loading=\"lazy\" decoding=\"async\" width=\"750\" height=\"400\" src=\"https:\/\/chinchorrotelevision.cl\/ma\/wp-content\/uploads\/2026\/04\/AVENZUELA-3.webp\" alt=\"\" class=\"wp-image-7830\" style=\"width:840px;height:auto\" srcset=\"https:\/\/chinchorrotelevision.cl\/ma\/wp-content\/uploads\/2026\/04\/AVENZUELA-3.webp 750w, https:\/\/chinchorrotelevision.cl\/ma\/wp-content\/uploads\/2026\/04\/AVENZUELA-3-300x160.webp 300w\" sizes=\"auto, (max-width: 750px) 100vw, 750px\" \/><\/figure>\n\n\n\n<p>La presidenta encargada dio por concluida la aplicaci\u00f3n de la ley, aunque la normativa no establece una caducidad y a\u00fan restan cientos de solicitudes por procesar.<\/p>\n\n\n\n<p>El chavismo report\u00f3 m\u00e1s de 8.600 beneficiados por la medida, cifra cuestionada por organizaciones como Foro Penal.<\/p>\n\n\n\n<p>Tras el anuncio, Rodr\u00edguez instal\u00f3 una comisi\u00f3n para reformar el sistema penal, buscando atender los casos excluidos mediante nuevos programas gubernamentales de &#8220;convivencia&#8221;.<\/p>\n\n\n\n<p>La presidenta encargada de Venezuela, Delcy Rodr\u00edguez, anunci\u00f3 este jueves que la amnist\u00eda &#8220;llega a su fin&#8221;, dos meses despu\u00e9s de que se aprobara la ley -que no contempla una caducidad- y cuando a\u00fan hay 473 presos pol\u00edticos, seg\u00fan organizaciones no gubernamentales.<\/p>\n\n\n\n<p>La mandataria no dio detalles ni explic\u00f3 en qu\u00e9 consiste el &#8220;fin&#8221; de la Ley de Amnist\u00eda, sancionada el 19 de febrero, y asegur\u00f3 que los casos que &#8220;estaban excluidos expresamente&#8221; en el texto podr\u00e1n ser atendidos en otros espacios, como el gubernamental Programa para la Paz y Convivencia Democr\u00e1tica y la Comisi\u00f3n para la Reforma de la Justicia Penal, instalada este jueves.<\/p>\n\n\n\n<p>A su juicio, la amnist\u00eda &#8220;ha salido muy bien en cuanto a la cobertura, en cuanto a los beneficiados&#8221;, pese a las que describi\u00f3 como &#8220;voces que buscan perturbar los procesos&#8221;.<\/p>\n\n\n\n<p>La l\u00edder chavista expres\u00f3 que la amnist\u00eda &#8220;surgi\u00f3 como consecuencia del recrudecimiento de la confrontaci\u00f3n pol\u00edtica en Venezuela que llev\u00f3 a una agresi\u00f3n externa&#8221;, en referencia a los ataques de Estados Unidos en suelo venezolano el pasado 3 de enero durante los que fueron capturados Nicol\u00e1s Maduro y su esposa, Cilia Flores.<\/p>\n\n\n\n<p>La Ley de Amnist\u00eda contempla un per\u00edodo de 27 a\u00f1os, desde 1999 -cuando el chavismo lleg\u00f3 al poder-, pero se\u00f1ala que se conceder\u00e1 a personas vinculadas con 13 &#8220;hechos&#8221; ocurridos en 13 a\u00f1os distintos, lo que excluye el resto del tiempo establecido, as\u00ed como casos relacionados con operaciones militares y otros delitos, como corrupci\u00f3n, homicidio y violaciones de derechos humanos.<\/p>\n\n\n\n<p>Balance oficial<\/p>\n\n\n\n<p>Hasta el mi\u00e9rcoles, 8.616 personas hab\u00edan sido amnistiadas, de las cuales 314 estaban encarceladas y el resto ten\u00eda medidas cautelares, seg\u00fan inform\u00f3 entonces el diputado chavista Jorge Arreaza, quien preside la comisi\u00f3n parlamentaria encargada del seguimiento a la norma.<\/p>\n\n\n\n<p>Asimismo, indic\u00f3 que las autoridades recibieron un total de 12.187 solicitudes de amnist\u00eda v\u00e1lidas, es decir, que corresponden a los delitos y per\u00edodos establecidos en la legislaci\u00f3n.<\/p>\n\n\n\n<p>Arreaza agreg\u00f3 entonces que segu\u00edan &#8220;recibiendo solicitudes de venezolanos que viven dentro y fuera del pa\u00eds&#8221;.<\/p>\n\n\n\n<p>Las autoridades no han publicado un listado oficial con las identidades de los beneficiados, pese a la solicitud del alto comisionado de Naciones Unidas para los derechos humanos, Volker T\u00fcrk, y de varias ONG venezolanas.<\/p>\n\n\n\n<p>La ONG Foro Penal, que lidera la defensa de los presos pol\u00edticos en Venezuela, afirm\u00f3 que, de acuerdo a sus registros, menos del 25% de las excarcelaciones que se han producido este a\u00f1o en el pa\u00eds se deben a la Ley de Amnist\u00eda.<\/p>\n\n\n\n<p>Exclusiones vigentes<\/p>\n\n\n\n<p>La normativa advierte en su \u00faltimo art\u00edculo que &#8220;ser\u00e1n procesadas&#8221; las personas beneficiadas que incurran &#8220;en delitos cometidos con posterioridad&#8221; a la entrada en vigencia del texto.<\/p>\n\n\n\n<p>Rodr\u00edguez instal\u00f3 este jueves una comisi\u00f3n que se encargar\u00e1 de una &#8220;gran consulta&#8221; para reformar la justicia penal, con el objetivo, afirm\u00f3, de superar los &#8220;males que persisten&#8221; en este sistema, afectado por el retardo procesal y la corrupci\u00f3n.<\/p>\n","protected":false},"excerpt":{"rendered":"<p>Periodista Digital: EFE La presidenta encargada dio por concluida la aplicaci\u00f3n de la ley, aunque la normativa no establece una caducidad y a\u00fan restan cientos de solicitudes por procesar. El&hellip; <\/p>\n","protected":false},"author":1,"featured_media":7827,"comment_status":"closed","ping_status":"open","sticky":false,"template":"","format":"standard","meta":{"_siteseo_robots_primary_cat":"none","_monsterinsights_skip_tracking":false,"_monsterinsights_sitenote_active":false,"_monsterinsights_sitenote_note":"","_monsterinsights_sitenote_category":0,"footnotes":""},"categories":[11],"tags":[],"class_list":["post-7826","post","type-post","status-publish","format-standard","has-post-thumbnail","hentry","category-internacional"],"_links":{"self":[{"href":"https:\/\/chinchorrotelevision.cl\/ma\/wp-json\/wp\/v2\/posts\/7826","targetHints":{"allow":["GET"]}}],"collection":[{"href":"https:\/\/chinchorrotelevision.cl\/ma\/wp-json\/wp\/v2\/posts"}],"about":[{"href":"https:\/\/chinchorrotelevision.cl\/ma\/wp-json\/wp\/v2\/types\/post"}],"author":[{"embeddable":true,"href":"https:\/\/chinchorrotelevision.cl\/ma\/wp-json\/wp\/v2\/users\/1"}],"replies":[{"embeddable":true,"href":"https:\/\/chinchorrotelevision.cl\/ma\/wp-json\/wp\/v2\/comments?post=7826"}],"version-history":[{"count":1,"href":"https:\/\/chinchorrotelevision.cl\/ma\/wp-json\/wp\/v2\/posts\/7826\/revisions"}],"predecessor-version":[{"id":7831,"href":"https:\/\/chinchorrotelevision.cl\/ma\/wp-json\/wp\/v2\/posts\/7826\/revisions\/7831"}],"wp:featuredmedia":[{"embeddable":true,"href":"https:\/\/chinchorrotelevision.cl\/ma\/wp-json\/wp\/v2\/media\/7827"}],"wp:attachment":[{"href":"https:\/\/chinchorrotelevision.cl\/ma\/wp-json\/wp\/v2\/media?parent=7826"}],"wp:term":[{"taxonomy":"category","embeddable":true,"href":"https:\/\/chinchorrotelevision.cl\/ma\/wp-json\/wp\/v2\/categories?post=7826"},{"taxonomy":"post_tag","embeddable":true,"href":"https:\/\/chinchorrotelevision.cl\/ma\/wp-json\/wp\/v2\/tags?post=7826"}],"curies":[{"name":"wp","href":"https:\/\/api.w.org\/{rel}","templated":true}]}}