{"id":7798,"date":"2026-04-23T12:26:33","date_gmt":"2026-04-23T12:26:33","guid":{"rendered":"https:\/\/chinchorrotelevision.cl\/ma\/?p=7798"},"modified":"2026-04-23T12:26:34","modified_gmt":"2026-04-23T12:26:34","slug":"veto-de-eeuu-a-candidatura-de-michelle-bachelet-en-la-onu-por-ser-una-fanatica-proabortista","status":"publish","type":"post","link":"https:\/\/chinchorrotelevision.cl\/ma\/2026\/04\/23\/veto-de-eeuu-a-candidatura-de-michelle-bachelet-en-la-onu-por-ser-una-fanatica-proabortista\/","title":{"rendered":"VETO DE EEUU A CANDIDATURA DE MICHELLE BACHELET EN LA ONU POR SER UNA FAN\u00c1TICA PROABORTISTA"},"content":{"rendered":"\n<p><strong><em>Periodista del \u00e1rea Internacional en BioBioChile<\/em><\/strong><\/p>\n\n\n\n<figure class=\"wp-block-image size-full is-resized\"><img loading=\"lazy\" decoding=\"async\" width=\"633\" height=\"361\" src=\"https:\/\/chinchorrotelevision.cl\/ma\/wp-content\/uploads\/2026\/04\/A-BAC-FANATOCA-1.png\" alt=\"\" class=\"wp-image-7804\" style=\"width:840px;height:auto\" srcset=\"https:\/\/chinchorrotelevision.cl\/ma\/wp-content\/uploads\/2026\/04\/A-BAC-FANATOCA-1.png 633w, https:\/\/chinchorrotelevision.cl\/ma\/wp-content\/uploads\/2026\/04\/A-BAC-FANATOCA-1-300x171.png 300w\" sizes=\"auto, (max-width: 633px) 100vw, 633px\" \/><\/figure>\n\n\n\n<p>Este mi\u00e9rcoles se produjeron las presentaciones de los tres candidatos latinoamericanos a la secretar\u00eda general de la ONU: Michelle Bachelet, Rafael Grossi y Rebeca Grynspan, adem\u00e1s del senegal\u00e9s Macky Sall, quienes entregaron propuestas para el organismo y respondieron preguntas.<\/p>\n\n\n\n<p><strong>En relaci\u00f3n a Bachelet, hace ya un tiempo se viene especulando sobre un posible veto de parte de Estados Unidos, por algunas posiciones pol\u00edticas \u00bfEs tan factible esto?<\/strong><\/p>\n\n\n\n<p>La expresidenta chilena de izquierda, que luc\u00eda de entrada como la gran favorita, luego de su papel como alta comisionada de Derechos Humanos, enfrenta dos desaf\u00edos: el de su propio pa\u00eds, que le retir\u00f3 el apoyo apenas lleg\u00f3 al poder Jos\u00e9 Antonio Kast, y el del conservadurismo estadounidense.<\/p>\n\n\n\n<p>Recordar que un grupo de 28 legisladores republicanos le dirigi\u00f3 una carta a finales de marzo al secretario de Estado Marco Rubio pidi\u00e9ndole vetar a Bachelet, por ser <strong><em>\u201cuna fan\u00e1tica proabortista empe\u00f1ada en usar la autoridad pol\u00edtica para anular la soberan\u00eda estatal en favor de agendas extremas\u201d.<\/em><\/strong><\/p>\n\n\n\n<p>El embajador estadounidense ante la ONU, Mike Waltz, no se ha pronunciado oficialmente al respecto, pero la semana pasada, durante una audiencia <strong>en el Comit\u00e9 de Relaciones Exteriores del Senado, le confes\u00f3 al republicano Pete Ricketts que compart\u00eda sus \u201cpreocupaciones\u201d sobre la idoneidad de Bachelet<\/strong>.<\/p>\n\n\n\n<p>La perspectiva de que Estados Unidos ejerza su poder de veto en el Consejo de Seguridad de la ONU (que es el encargado de hacer recomendaciones sobre el nuevo secretario general a la Asamblea General) no ha quebrado la posici\u00f3n de Bachelet.<\/p>\n\n\n\n<p>\u201cCreo firmemente en los derechos de las mujeres, y no creo que se puedan separar. No creo que se pueda decir que las mujeres tienen derecho A, B y C, pero no a D, E y F. Creo que las mujeres deben decidir sobre sus propias vidas. Tambi\u00e9n deben decidir cu\u00e1ntos hijos quieren tener\u201d, dijo al ser consultada por periodistas luego de tres horas de di\u00e1logo interactivo..<\/p>\n\n\n\n<p>\u201cCuando decidimos lo que comunicamos, fue b\u00e1sicamente por la percepci\u00f3n de que la probabilidad de \u00e9xito era muy baja debido a la fragmentaci\u00f3n de candidatos en la regi\u00f3n y porque tambi\u00e9n ten\u00edamos informaci\u00f3n de que era probable que actores importantes en el proceso no estuvieran apoyando\u201d, se\u00f1al\u00f3 el jefe de la diplomacia chilena.<\/p>\n\n\n\n<p>Luego de estas presentaciones, los 15 miembros del Consejo de Seguridad deben comenzar a debatir a puerta cerrada a finales de julio, para definir el candidato que postular\u00e1n.<\/p>\n\n\n\n<p>En alg\u00fan momento entre agosto y octubre, se convocar\u00e1 a la Asamblea General, para que haga oficial la designaci\u00f3n del nominado.<\/p>\n","protected":false},"excerpt":{"rendered":"<p>Periodista del \u00e1rea Internacional en BioBioChile Este mi\u00e9rcoles se produjeron las presentaciones de los tres candidatos latinoamericanos a la secretar\u00eda general de la ONU: Michelle Bachelet, Rafael Grossi y Rebeca&hellip; <\/p>\n","protected":false},"author":1,"featured_media":7803,"comment_status":"closed","ping_status":"open","sticky":false,"template":"","format":"standard","meta":{"_siteseo_robots_primary_cat":"none","_monsterinsights_skip_tracking":false,"_monsterinsights_sitenote_active":false,"_monsterinsights_sitenote_note":"","_monsterinsights_sitenote_category":0,"footnotes":""},"categories":[10],"tags":[],"class_list":["post-7798","post","type-post","status-publish","format-standard","has-post-thumbnail","hentry","category-nacional"],"_links":{"self":[{"href":"https:\/\/chinchorrotelevision.cl\/ma\/wp-json\/wp\/v2\/posts\/7798","targetHints":{"allow":["GET"]}}],"collection":[{"href":"https:\/\/chinchorrotelevision.cl\/ma\/wp-json\/wp\/v2\/posts"}],"about":[{"href":"https:\/\/chinchorrotelevision.cl\/ma\/wp-json\/wp\/v2\/types\/post"}],"author":[{"embeddable":true,"href":"https:\/\/chinchorrotelevision.cl\/ma\/wp-json\/wp\/v2\/users\/1"}],"replies":[{"embeddable":true,"href":"https:\/\/chinchorrotelevision.cl\/ma\/wp-json\/wp\/v2\/comments?post=7798"}],"version-history":[{"count":1,"href":"https:\/\/chinchorrotelevision.cl\/ma\/wp-json\/wp\/v2\/posts\/7798\/revisions"}],"predecessor-version":[{"id":7805,"href":"https:\/\/chinchorrotelevision.cl\/ma\/wp-json\/wp\/v2\/posts\/7798\/revisions\/7805"}],"wp:featuredmedia":[{"embeddable":true,"href":"https:\/\/chinchorrotelevision.cl\/ma\/wp-json\/wp\/v2\/media\/7803"}],"wp:attachment":[{"href":"https:\/\/chinchorrotelevision.cl\/ma\/wp-json\/wp\/v2\/media?parent=7798"}],"wp:term":[{"taxonomy":"category","embeddable":true,"href":"https:\/\/chinchorrotelevision.cl\/ma\/wp-json\/wp\/v2\/categories?post=7798"},{"taxonomy":"post_tag","embeddable":true,"href":"https:\/\/chinchorrotelevision.cl\/ma\/wp-json\/wp\/v2\/tags?post=7798"}],"curies":[{"name":"wp","href":"https:\/\/api.w.org\/{rel}","templated":true}]}}