{"id":7782,"date":"2026-04-23T12:22:19","date_gmt":"2026-04-23T12:22:19","guid":{"rendered":"https:\/\/chinchorrotelevision.cl\/ma\/?p=7782"},"modified":"2026-04-23T12:22:20","modified_gmt":"2026-04-23T12:22:20","slug":"interferencia-en-candidatura-de-bachelet-sumario-a-funcionarios-de-cancilleria","status":"publish","type":"post","link":"https:\/\/chinchorrotelevision.cl\/ma\/2026\/04\/23\/interferencia-en-candidatura-de-bachelet-sumario-a-funcionarios-de-cancilleria\/","title":{"rendered":"&#8220;INTERFERENCIA&#8221; EN CANDIDATURA DE BACHELET: SUMARIO A FUNCIONARIOS DE CANCILLER\u00cdA"},"content":{"rendered":"\n<figure class=\"wp-block-image size-full is-resized\"><img loading=\"lazy\" decoding=\"async\" width=\"620\" height=\"414\" src=\"https:\/\/chinchorrotelevision.cl\/ma\/wp-content\/uploads\/2026\/04\/A-BACHE-1.jpg\" alt=\"\" class=\"wp-image-7786\" style=\"width:840px;height:auto\" srcset=\"https:\/\/chinchorrotelevision.cl\/ma\/wp-content\/uploads\/2026\/04\/A-BACHE-1.jpg 620w, https:\/\/chinchorrotelevision.cl\/ma\/wp-content\/uploads\/2026\/04\/A-BACHE-1-300x200.jpg 300w\" sizes=\"auto, (max-width: 620px) 100vw, 620px\" \/><\/figure>\n\n\n\n<p>El exsubsecretario Cristi\u00e1n Barros cuestion\u00f3 las indagaciones en contra de personas que seguir\u00edan impulsando la postulaci\u00f3n de la expresidenta. Mientras, el embajador de Brasil en Chile, Paulo Pacheco, recalc\u00f3 que est\u00e1n trabajando solo con M\u00e9xico<\/p>\n\n\n\n<p>Pocas horas despu\u00e9s de la exposici\u00f3n de Michelle Bachelet en Naciones Unidas -en el contexto de los \u201cdi\u00e1logos interactivos\u201d con los candidatos a la secretar\u00eda general del organismo- la Canciller\u00eda orden\u00f3 un sumario en contra de funcionarios de la repartici\u00f3n que, supuestamente, seguir\u00edan apoyando la postulaci\u00f3n de la expresidenta.<\/p>\n\n\n\n<p>En ese contexto, el embajador de Brasil en Chile, Paulo Pacheco, recalc\u00f3 que su pa\u00eds solo est\u00e1 impulsando la candidatura en conjunto con M\u00e9xico y que Chile ya no es parte de las gestiones. Mientras, el ex embajador de nuestro pa\u00eds ante la ONU, Cristi\u00e1n Barros, fue m\u00e1s all\u00e1 y habl\u00f3 de una \u201cinterferencia\u201d del Gobierno en la carrera de Bachelet para llegar a la secretar\u00eda general.<\/p>\n\n\n\n<p>El sumario en el Ministerio de Relaciones Exteriores fue confirmado este mi\u00e9rcoles por el canciller, Francisco P\u00e9rez Mackenna. Sin embargo, el secretario de Estado no entreg\u00f3 mayores detalles, ni sobre los motivos que causaron la investigaci\u00f3n, ni respecto a las posibles sanciones en contra de los funcionarios.<\/p>\n\n\n\n<p>\u201cNo tengo informaci\u00f3n concreta porque, como dije, estamos iniciando una investigaci\u00f3n para entender qu\u00e9 es lo que hay detr\u00e1s de esto\u201d, expre<\/p>\n\n\n\n<p>Radio y Diario Universidad de Chile convers\u00f3 sobre el tema con el embajador Paulo Pacheco, quien adem\u00e1s de elogiar la presentaci\u00f3n de Bachelet y sus aptitudes para asumir el liderazgo de la ONU, sostuvo que nuestro pa\u00eds y sus funcionarios se retiraron de la campa\u00f1a.<\/p>\n\n\n\n<p>\u201cEstamos haciendo gestiones en conjunto con M\u00e9xico. Los embajadores de Chile no participan m\u00e1s de las gestiones, desde que hubo la decisi\u00f3n. Por lo menos en mi conocimiento, ning\u00fan embajador chileno ha ido en contra de la decisi\u00f3n del Presidente Kast\u201d, indic\u00f3.<\/p>\n\n\n\n<p>Tambi\u00e9n en di\u00e1logo con nuestro medio, Cristi\u00e1n Barros, el ex subsecretario del Ministerio Relaciones Exteriores, quien adem\u00e1s es parte del grupo de ex autoridades que apoyan la candidatura de Bachelet, cuestion\u00f3 los elementos que ser\u00edan parte del sumario.<\/p>\n\n\n\n<p>De acuerdo al medio Ex-Ante, la indagatoria estar\u00eda focalizada en Claudio Garrido: el representante de Chile ante la ONU, nombrado por el Presidente Gabriel Boric, quien se mantiene en la misi\u00f3n diplom\u00e1tica esperando la llegada del embajador del Presidente Jos\u00e9 Antonio Kast, Roberto Ampuero.<\/p>\n\n\n\n<p>Los integrantes del c\u00edrculo de mayor confianza de Garrido habr\u00edan enviado correos electr\u00f3nicos relacionados con una reuni\u00f3n entre Bachelet y el presidente de la Asamblea General. Sin embargo, sobre aquello, Barros remarc\u00f3 que simplemente se trataba de coordinaciones y traspasos de informaci\u00f3n.<\/p>\n\n\n\n<p>Michelle Bachelet habla en un podio con micr\u00f3fonos en el Palacio de La Moneda, durante el anuncio de su candidatura a la Secretar\u00eda General de la ONU.<\/p>\n\n\n\n<p>El embajador de Brasil en Chile, Paulo Pacheco, durante el anuncio de la candidatura de Michelle Bachelet. Foto: Aton.<\/p>\n\n\n\n<p>\u201cEso que sale en los diarios, en un diario electr\u00f3nico, es absolutamente falso. Los funcionarios de la misi\u00f3n no han estado trabajando en la campa\u00f1a de Michelle Bachelet. Que los funcionarios de la misi\u00f3n tuvieran que entregarnos a nosotros los papeles, documentos e informaci\u00f3n, porque hab\u00eda sido la candidata de Chile, es normal. Lo del mail es un asunto de coordinaci\u00f3n, no tiene ning\u00fan tipo de importancia\u201d, insisti\u00f3.<\/p>\n\n\n\n<p>Asimismo, defendi\u00f3 que Claudio Garrido y parte de la misi\u00f3n diplom\u00e1tica estuvieran presentes durante la exposici\u00f3n de Bachelet. \u201cTiene que ir, porque tiene que ir a escuchar. Por \u00faltimo tiene que informar, y los otros funcionarios que estaban ah\u00ed estaban en la galer\u00eda\u201d, agreg\u00f3.<\/p>\n\n\n\n<p>Para Barros, hay una intencionalidad clara en que el sumario se ordenara el mismo d\u00eda en que Bachelet compareci\u00f3 ante la Asamblea. A su juicio, existe una \u201cinterferencia deliberada\u201d del Gobierno en la candidatura de la expresidenta.<\/p>\n\n\n\n<p>\u201cLa coincidencia, de que todo sucede en el mismo d\u00eda en que ella hace esta presentaci\u00f3n\u2026 Esas coincidencias yo no las creo. Hay gente que quiere que esto no resulte, porque ven que la expresidenta est\u00e1 avanzando a pasos agigantados\u201d, opin\u00f3.<\/p>\n\n\n\n<p>\u00bfPersecuci\u00f3n pol\u00edtica?<\/p>\n\n\n\n<p>En la oposici\u00f3n, la investigaci\u00f3n que se est\u00e1 realizando en Canciller\u00eda fue le\u00edda como una \u201cpersecuci\u00f3n pol\u00edtica\u201d. La diputada del Frente Amplio (FA) e integrante de la Comisi\u00f3n de Relaciones Exteriores, Coca \u00d1anco, incluso ofici\u00f3 a la Canciller\u00eda.<\/p>\n\n\n\n<p>\u201cEl Gobierno no solo decidi\u00f3 retirar el apoyo a la candidatura de Michelle Bachelet por razones pol\u00edticas, sino que ahora da una clara se\u00f1al de persecuci\u00f3n pol\u00edtica en contra de quienes trabajaron en coherencia con una pol\u00edtica de Estado previa. Canciller\u00eda tiene que explicar con total transparencia cu\u00e1les son los criterios detr\u00e1s de esta decisi\u00f3n\u201d, afirm\u00f3 la parlamentaria.<\/p>\n\n\n\n<p>En una l\u00ednea similar, el senador de la Democracia Cristiana (DC), Iv\u00e1n Flores, se\u00f1al\u00f3 que \u201ces inaceptable que la Canciller\u00eda est\u00e9 intentando sancionar a funcionarios, producto de haber asistido a una reuni\u00f3n respecto a la candidatura de Michelle Bachelet\u201d.<\/p>\n\n\n\n<p>\u201cEsto no es la Gestapo, no son los tiempos de la persecuci\u00f3n de las personas por sus ideas. La Canciller\u00eda tiene que dar una explicaci\u00f3n de por qu\u00e9 a funcionarios que tienen una opini\u00f3n, o decidieron asistir a una reuni\u00f3n, hoy d\u00eda son perseguidos\u201d, agreg\u00f3.<\/p>\n\n\n\n<p>Desde el oficialismo, en cambio, se dio m\u00e9rito a la investigaci\u00f3n ordenada por la Canciller\u00eda. El diputado de la UDI, Eduardo Cretton, manifest\u00f3 que \u201csi eso se hace dentro del marco de funciones que le corresponde a los trabajadores de Canciller\u00eda, estar\u00eda totalmente fuera de norma y por lo tanto, esperamos que las investigaciones se hagan y se cursen las sanciones que correspondan\u201d.<\/p>\n\n\n\n<p>Cretton adem\u00e1s asegur\u00f3 que \u201csi efectivamente se hizo esto dentro de sus funciones laborales, lo que corresponde es que den un paso al costado\u201d.<\/p>\n","protected":false},"excerpt":{"rendered":"<p>El exsubsecretario Cristi\u00e1n Barros cuestion\u00f3 las indagaciones en contra de personas que seguir\u00edan impulsando la postulaci\u00f3n de la expresidenta. Mientras, el embajador de Brasil en Chile, Paulo Pacheco, recalc\u00f3 que&hellip; <\/p>\n","protected":false},"author":1,"featured_media":7785,"comment_status":"closed","ping_status":"open","sticky":false,"template":"","format":"standard","meta":{"_siteseo_robots_primary_cat":"none","_monsterinsights_skip_tracking":false,"_monsterinsights_sitenote_active":false,"_monsterinsights_sitenote_note":"","_monsterinsights_sitenote_category":0,"footnotes":""},"categories":[10],"tags":[],"class_list":["post-7782","post","type-post","status-publish","format-standard","has-post-thumbnail","hentry","category-nacional"],"_links":{"self":[{"href":"https:\/\/chinchorrotelevision.cl\/ma\/wp-json\/wp\/v2\/posts\/7782","targetHints":{"allow":["GET"]}}],"collection":[{"href":"https:\/\/chinchorrotelevision.cl\/ma\/wp-json\/wp\/v2\/posts"}],"about":[{"href":"https:\/\/chinchorrotelevision.cl\/ma\/wp-json\/wp\/v2\/types\/post"}],"author":[{"embeddable":true,"href":"https:\/\/chinchorrotelevision.cl\/ma\/wp-json\/wp\/v2\/users\/1"}],"replies":[{"embeddable":true,"href":"https:\/\/chinchorrotelevision.cl\/ma\/wp-json\/wp\/v2\/comments?post=7782"}],"version-history":[{"count":1,"href":"https:\/\/chinchorrotelevision.cl\/ma\/wp-json\/wp\/v2\/posts\/7782\/revisions"}],"predecessor-version":[{"id":7789,"href":"https:\/\/chinchorrotelevision.cl\/ma\/wp-json\/wp\/v2\/posts\/7782\/revisions\/7789"}],"wp:featuredmedia":[{"embeddable":true,"href":"https:\/\/chinchorrotelevision.cl\/ma\/wp-json\/wp\/v2\/media\/7785"}],"wp:attachment":[{"href":"https:\/\/chinchorrotelevision.cl\/ma\/wp-json\/wp\/v2\/media?parent=7782"}],"wp:term":[{"taxonomy":"category","embeddable":true,"href":"https:\/\/chinchorrotelevision.cl\/ma\/wp-json\/wp\/v2\/categories?post=7782"},{"taxonomy":"post_tag","embeddable":true,"href":"https:\/\/chinchorrotelevision.cl\/ma\/wp-json\/wp\/v2\/tags?post=7782"}],"curies":[{"name":"wp","href":"https:\/\/api.w.org\/{rel}","templated":true}]}}