{"id":6854,"date":"2026-03-17T10:35:31","date_gmt":"2026-03-17T10:35:31","guid":{"rendered":"https:\/\/chinchorrotelevision.cl\/ma\/?p=6854"},"modified":"2026-03-17T10:35:32","modified_gmt":"2026-03-17T10:35:32","slug":"bolivia-y-brasil-firman-acuerdos-que-marcan-el-inicio-de-una-nueva-etapa","status":"publish","type":"post","link":"https:\/\/chinchorrotelevision.cl\/ma\/2026\/03\/17\/bolivia-y-brasil-firman-acuerdos-que-marcan-el-inicio-de-una-nueva-etapa\/","title":{"rendered":"BOLIVIA Y BRASIL FIRMAN ACUERDOS QUE MARCAN EL \u201cINICIO DE UNA NUEVA ETAPA\u201d"},"content":{"rendered":"\n<figure class=\"wp-block-image size-large\"><img loading=\"lazy\" decoding=\"async\" width=\"1024\" height=\"682\" src=\"https:\/\/chinchorrotelevision.cl\/ma\/wp-content\/uploads\/2026\/03\/BOLI-BRASIL-1-1024x682.jpg\" alt=\"\" class=\"wp-image-6860\" srcset=\"https:\/\/chinchorrotelevision.cl\/ma\/wp-content\/uploads\/2026\/03\/BOLI-BRASIL-1-1024x682.jpg 1024w, https:\/\/chinchorrotelevision.cl\/ma\/wp-content\/uploads\/2026\/03\/BOLI-BRASIL-1-300x200.jpg 300w, https:\/\/chinchorrotelevision.cl\/ma\/wp-content\/uploads\/2026\/03\/BOLI-BRASIL-1-768x512.jpg 768w, https:\/\/chinchorrotelevision.cl\/ma\/wp-content\/uploads\/2026\/03\/BOLI-BRASIL-1-1536x1023.jpg 1536w, https:\/\/chinchorrotelevision.cl\/ma\/wp-content\/uploads\/2026\/03\/BOLI-BRASIL-1.jpg 1600w\" sizes=\"auto, (max-width: 1024px) 100vw, 1024px\" \/><\/figure>\n\n\n\n<p>Los gobiernos de Bolivia y Brasil firmaron acuerdos que, seg\u00fan sus autoridades, marcan el inicio de una \u201cnueva etapa\u201d en las relaciones bilaterales y en la integraci\u00f3n regional.<\/p>\n\n\n\n<p>\u201cGracias por los acuerdos. Es el inicio de una nueva etapa y de una nueva forma de vernos. Somos parte, con respecto a otras regiones, del continente m\u00e1s extraordinario\u201d, afirm\u00f3 el presidente Rodrigo Paz tras la firma de los convenios y una reuni\u00f3n con su hom\u00f3logo Luiz In\u00e1cio Lula da Silva.<\/p>\n\n\n\n<p>Paz viaj\u00f3 a Brasil acompa\u00f1ado por gran parte de su gabinete, el gobernador cruce\u00f1o Luis Fernando Camacho y un grupo de empresarios que sostendr\u00e1n reuniones este martes.<\/p>\n\n\n\n<p>El mandatario boliviano se\u00f1al\u00f3 que 2026 ser\u00e1 un a\u00f1o de \u201cordenamiento de la casa\u201d en Bolivia, con la aprobaci\u00f3n de nuevas leyes en el corto plazo y cambios en la forma de entender sectores como los hidrocarburos, la miner\u00eda, los evapor\u00edticos y el manejo de tierras raras, que \u2014dijo\u2014 tienen un valor extraordinario.<\/p>\n\n\n\n<p>\u201cBolivia entiende su relaci\u00f3n con sus cinco fronteras: Paraguay, Argentina, Chile y Per\u00fa, pero especialmente entiende su relaci\u00f3n con Brasil\u201d, afirm\u00f3.<\/p>\n\n\n\n<p>Por su parte, Lula sostuvo que los acuerdos estrat\u00e9gicos firmados apuntan a fortalecer la integraci\u00f3n regional entre ambos pa\u00edses.<\/p>\n\n\n\n<p>Paz tambi\u00e9n compar\u00f3 la relaci\u00f3n bilateral con la canci\u00f3n de Roberto Carlos sobre el \u201camor c\u00f3ncavo y convexo\u201d, al se\u00f1alar que Bolivia es la \u00fanica naci\u00f3n que \u201centra\u201d geogr\u00e1ficamente en Brasil, lo que \u2014dijo\u2014 convierte el v\u00ednculo entre ambos pa\u00edses en una relaci\u00f3n muy especial.<\/p>\n\n\n\n<p>Adem\u00e1s, indic\u00f3 que en marzo, mes mar\u00edtimo para Bolivia, el pa\u00eds buscar\u00e1 ofrecer todos sus puertos y consolidar una visi\u00f3n real de su capacidad bioce\u00e1nica. \/\/\/kmg<\/p>\n","protected":false},"excerpt":{"rendered":"<p>Los gobiernos de Bolivia y Brasil firmaron acuerdos que, seg\u00fan sus autoridades, marcan el inicio de una \u201cnueva etapa\u201d en las relaciones bilaterales y en la integraci\u00f3n regional. \u201cGracias por&hellip; <\/p>\n","protected":false},"author":1,"featured_media":6857,"comment_status":"closed","ping_status":"open","sticky":false,"template":"","format":"standard","meta":{"_siteseo_robots_primary_cat":"none","_monsterinsights_skip_tracking":false,"_monsterinsights_sitenote_active":false,"_monsterinsights_sitenote_note":"","_monsterinsights_sitenote_category":0,"footnotes":""},"categories":[11],"tags":[],"class_list":["post-6854","post","type-post","status-publish","format-standard","has-post-thumbnail","hentry","category-internacional"],"_links":{"self":[{"href":"https:\/\/chinchorrotelevision.cl\/ma\/wp-json\/wp\/v2\/posts\/6854","targetHints":{"allow":["GET"]}}],"collection":[{"href":"https:\/\/chinchorrotelevision.cl\/ma\/wp-json\/wp\/v2\/posts"}],"about":[{"href":"https:\/\/chinchorrotelevision.cl\/ma\/wp-json\/wp\/v2\/types\/post"}],"author":[{"embeddable":true,"href":"https:\/\/chinchorrotelevision.cl\/ma\/wp-json\/wp\/v2\/users\/1"}],"replies":[{"embeddable":true,"href":"https:\/\/chinchorrotelevision.cl\/ma\/wp-json\/wp\/v2\/comments?post=6854"}],"version-history":[{"count":1,"href":"https:\/\/chinchorrotelevision.cl\/ma\/wp-json\/wp\/v2\/posts\/6854\/revisions"}],"predecessor-version":[{"id":6861,"href":"https:\/\/chinchorrotelevision.cl\/ma\/wp-json\/wp\/v2\/posts\/6854\/revisions\/6861"}],"wp:featuredmedia":[{"embeddable":true,"href":"https:\/\/chinchorrotelevision.cl\/ma\/wp-json\/wp\/v2\/media\/6857"}],"wp:attachment":[{"href":"https:\/\/chinchorrotelevision.cl\/ma\/wp-json\/wp\/v2\/media?parent=6854"}],"wp:term":[{"taxonomy":"category","embeddable":true,"href":"https:\/\/chinchorrotelevision.cl\/ma\/wp-json\/wp\/v2\/categories?post=6854"},{"taxonomy":"post_tag","embeddable":true,"href":"https:\/\/chinchorrotelevision.cl\/ma\/wp-json\/wp\/v2\/tags?post=6854"}],"curies":[{"name":"wp","href":"https:\/\/api.w.org\/{rel}","templated":true}]}}