{"id":6846,"date":"2026-03-16T11:09:04","date_gmt":"2026-03-16T11:09:04","guid":{"rendered":"https:\/\/chinchorrotelevision.cl\/ma\/?p=6846"},"modified":"2026-03-16T11:09:05","modified_gmt":"2026-03-16T11:09:05","slug":"tacna-esta-atenta-al-inicio-de-la-excavacion-de-la-zanja-chilena","status":"publish","type":"post","link":"https:\/\/chinchorrotelevision.cl\/ma\/2026\/03\/16\/tacna-esta-atenta-al-inicio-de-la-excavacion-de-la-zanja-chilena\/","title":{"rendered":"TACNA EST\u00c1 ATENTA AL INICIO DE LA EXCAVACI\u00d3N DE LA ZANJA CHILENA"},"content":{"rendered":"\n<figure class=\"wp-block-image size-full is-resized\"><img loading=\"lazy\" decoding=\"async\" width=\"633\" height=\"357\" src=\"https:\/\/chinchorrotelevision.cl\/ma\/wp-content\/uploads\/2026\/03\/ATACNA-1.jpg\" alt=\"\" class=\"wp-image-6852\" style=\"width:840px;height:auto\" srcset=\"https:\/\/chinchorrotelevision.cl\/ma\/wp-content\/uploads\/2026\/03\/ATACNA-1.jpg 633w, https:\/\/chinchorrotelevision.cl\/ma\/wp-content\/uploads\/2026\/03\/ATACNA-1-300x169.jpg 300w\" sizes=\"auto, (max-width: 633px) 100vw, 633px\" \/><\/figure>\n\n\n\n<h1 class=\"wp-block-heading\"><strong>No hemos sido avisados; de Relaciones Exteriores no hay nada&#8221;, dicen autoridades locales.<\/strong><\/h1>\n\n\n\n<p>Se prev\u00e9 que el Ej\u00e9rcito de Chile iniciar\u00e1 este lunes los trabajos ordenados por Jos\u00e9 Antonio Kast para establecer barreras f\u00edsicas contra la inmigraci\u00f3n irregular en la frontera norte.<\/p>\n\n\n\n<p>Sin mayor informaci\u00f3n, Tacna est\u00e1 atenta al inicio de la excavaci\u00f3n de la zanja chilena<\/p>\n\n\n\n<p>Lima eval\u00faa extender el estado de emergencia que dict\u00f3 en noviembre para sus fronteras.<\/p>\n\n\n\n<p>Autoridades de la ciudad peruana de Tacna oficiaron a la Canciller\u00eda de su pa\u00eds a prop\u00f3sito de los trabajos que -por orden de Jos\u00e9 Antonio Kast- iniciar\u00e1 este lunes el Ej\u00e9rcito de Chile para construir una zanja en la zona de la frontera con Arica.<\/p>\n\n\n\n<p>El prefecto regional de Tacna, Stephen Ugarte, representante del Ejecutivo y del Ministerio del Interior de Per\u00fa, se\u00f1al\u00f3 a Cooperativa que ya oficiaron al Ministerio de Relaciones Exteriores para ser informados sobre los trabajos de barreras f\u00edsicas anunciadas por Kast.<\/p>\n\n\n\n<p><strong>El funcionario inst\u00f3 a que se respete lo acordado en el Tratado de Lima de 1929.<\/strong><\/p>\n\n\n\n<p>&#8220;No hemos sido avisados, al menos aqu\u00ed no hay ninguna informaci\u00f3n en Canciller\u00eda frente a ello. Estuvimos coordinando con el jefe de la oficina desconcentrada de Relaciones Exteriores en Tacna; no hay nada&#8221;, afirm\u00f3.<\/p>\n\n\n\n<p>De todas formas, se\u00f1al\u00f3 que &#8220;los trabajos que van a realizar son dentro de territorio chileno, no est\u00e1n dentro de estos 100 metros que hay de respeto entre ambos pa\u00edses para que haya una buena paz y comunicaci\u00f3n&#8221;.<\/p>\n\n\n\n<p>&#8220;Entiendo yo que esto es a trav\u00e9s de unas reuniones, un acuerdo que le llaman el &#8216;2+2&#8217;, donde participan representantes de Canciller\u00eda y Ministerio de Defensa de ambos pa\u00edses, donde acuerdan, para una paz social, para una confianza mutua, el no involucrar militares dentro de esa &#8216;zona de respeto&#8217; de 100 metros a la l\u00ednea de frontera para ambos pa\u00edses&#8221;, complement\u00f3.<\/p>\n\n\n\n<p>Igualmente, Ugarte dijo ver con preocupaci\u00f3n estos trabajos que realizar\u00e1 el Ej\u00e9rcito chileno en Arica y sostuvo que solicitaron presidente peruano, Jos\u00e9 Mar\u00eda Balc\u00e1zar, el reforzamiento del contingente militar y policial en la frontera, anticip\u00e1ndose a los impactos que podr\u00eda generar en Per\u00fa la salida masiva de migrantes desde nuestro pa\u00eds.<\/p>\n\n\n\n<p>Por ello, est\u00e1n evaluado extender el estado de emergencia que rige en la zona fronteriza de Chile con Per\u00fa, luego de que el Presidente Kast anunci\u00f3 expulsiones masivas. Su plazo concluir\u00e1 este 17 de marzo.<\/p>\n","protected":false},"excerpt":{"rendered":"<p>No hemos sido avisados; de Relaciones Exteriores no hay nada&#8221;, dicen autoridades locales. Se prev\u00e9 que el Ej\u00e9rcito de Chile iniciar\u00e1 este lunes los trabajos ordenados por Jos\u00e9 Antonio Kast&hellip; <\/p>\n","protected":false},"author":1,"featured_media":6851,"comment_status":"closed","ping_status":"open","sticky":false,"template":"","format":"standard","meta":{"_siteseo_robots_primary_cat":"none","_monsterinsights_skip_tracking":false,"_monsterinsights_sitenote_active":false,"_monsterinsights_sitenote_note":"","_monsterinsights_sitenote_category":0,"footnotes":""},"categories":[11],"tags":[],"class_list":["post-6846","post","type-post","status-publish","format-standard","has-post-thumbnail","hentry","category-internacional"],"_links":{"self":[{"href":"https:\/\/chinchorrotelevision.cl\/ma\/wp-json\/wp\/v2\/posts\/6846","targetHints":{"allow":["GET"]}}],"collection":[{"href":"https:\/\/chinchorrotelevision.cl\/ma\/wp-json\/wp\/v2\/posts"}],"about":[{"href":"https:\/\/chinchorrotelevision.cl\/ma\/wp-json\/wp\/v2\/types\/post"}],"author":[{"embeddable":true,"href":"https:\/\/chinchorrotelevision.cl\/ma\/wp-json\/wp\/v2\/users\/1"}],"replies":[{"embeddable":true,"href":"https:\/\/chinchorrotelevision.cl\/ma\/wp-json\/wp\/v2\/comments?post=6846"}],"version-history":[{"count":1,"href":"https:\/\/chinchorrotelevision.cl\/ma\/wp-json\/wp\/v2\/posts\/6846\/revisions"}],"predecessor-version":[{"id":6853,"href":"https:\/\/chinchorrotelevision.cl\/ma\/wp-json\/wp\/v2\/posts\/6846\/revisions\/6853"}],"wp:featuredmedia":[{"embeddable":true,"href":"https:\/\/chinchorrotelevision.cl\/ma\/wp-json\/wp\/v2\/media\/6851"}],"wp:attachment":[{"href":"https:\/\/chinchorrotelevision.cl\/ma\/wp-json\/wp\/v2\/media?parent=6846"}],"wp:term":[{"taxonomy":"category","embeddable":true,"href":"https:\/\/chinchorrotelevision.cl\/ma\/wp-json\/wp\/v2\/categories?post=6846"},{"taxonomy":"post_tag","embeddable":true,"href":"https:\/\/chinchorrotelevision.cl\/ma\/wp-json\/wp\/v2\/tags?post=6846"}],"curies":[{"name":"wp","href":"https:\/\/api.w.org\/{rel}","templated":true}]}}