{"id":6838,"date":"2026-03-16T11:02:47","date_gmt":"2026-03-16T11:02:47","guid":{"rendered":"https:\/\/chinchorrotelevision.cl\/ma\/?p=6838"},"modified":"2026-03-16T11:02:48","modified_gmt":"2026-03-16T11:02:48","slug":"kast-vamos-a-tomar-medidas-que-a-veces-son-impopulares","status":"publish","type":"post","link":"https:\/\/chinchorrotelevision.cl\/ma\/2026\/03\/16\/kast-vamos-a-tomar-medidas-que-a-veces-son-impopulares\/","title":{"rendered":"KAST: &#8220;VAMOS A TOMAR MEDIDAS QUE A VECES SON IMPOPULARES&#8221;"},"content":{"rendered":"\n<p><strong><em>Periodista Digital: Cooperativa.cl<\/em><\/strong><\/p>\n\n\n\n<figure class=\"wp-block-image size-full is-resized\"><img loading=\"lazy\" decoding=\"async\" width=\"649\" height=\"365\" src=\"https:\/\/chinchorrotelevision.cl\/ma\/wp-content\/uploads\/2026\/03\/AKAST-MEDID-IMPOPULRES-1.jpg\" alt=\"\" class=\"wp-image-6844\" style=\"aspect-ratio:1.7781124120016565;width:834px;height:auto\" srcset=\"https:\/\/chinchorrotelevision.cl\/ma\/wp-content\/uploads\/2026\/03\/AKAST-MEDID-IMPOPULRES-1.jpg 649w, https:\/\/chinchorrotelevision.cl\/ma\/wp-content\/uploads\/2026\/03\/AKAST-MEDID-IMPOPULRES-1-300x169.jpg 300w\" sizes=\"auto, (max-width: 649px) 100vw, 649px\" \/><\/figure>\n\n\n\n<p>El Mandatario present\u00f3 un proyecto de ley que incluye varias medidas para combatir la delincuencia y dinamizar la econom\u00eda, entre ellas un ajuste a la gratuidad universitaria.<\/p>\n\n\n\n<p>&#8220;La econom\u00eda, literalmente, se rompi\u00f3 y el crecimiento se estanc\u00f3&#8221;, afirm\u00f3 desde la Regi\u00f3n del Biob\u00edo, afectada por los devastadores incendios forestales de febrero.<\/p>\n\n\n\n<p>Kast por Plan de Reconstrucci\u00f3n Nacional:<\/p>\n\n\n\n<p>&#8220;Vamos a tener que tomar medidas que a veces son impopulares (&#8230;) Aquellos que quisieron refundar el pa\u00eds lamentablemente no supieron gestionarlo&#8221;, anunci\u00f3 Kast.<\/p>\n\n\n\n<p>El Presidente Jos\u00e9 Antonio Kast anunci\u00f3 este s\u00e1bado un proyecto de ley que incluye varias medidas para combatir la delincuencia y dinamizar la econom\u00eda, entre ellas la eliminaci\u00f3n temporal del IVA para la compra de vivienda o la reducci\u00f3n del impuesto para las empresas del 27% al 23%.<\/p>\n\n\n\n<p>La iniciativa, denominada &#8216;Proyecto de ley de Reconstrucci\u00f3n Nacional&#8217;, ser\u00e1 presentada en el Congreso en los pr\u00f3ximos d\u00edas, donde hay equilibrio de fuerzas y la extrema derecha y la derecha tradicional est\u00e1n a dos diputados de la mayor\u00eda.<\/p>\n\n\n\n<p>&#8220;Aqu\u00ed vemos la destrucci\u00f3n por el fuego, pero en Chile se han destruido muchas m\u00e1s cosas. La econom\u00eda, literalmente, se rompi\u00f3 y el crecimiento se estanc\u00f3&#8221;, dijo el exl\u00edder del Partido Republicano desde la Regi\u00f3n del Biob\u00edo, asolada en febrero por varios megaincendios forestales.<\/p>\n\n\n\n<p><strong>&#8220;Vamos a tener que tomar medidas impopulares&#8221;<\/strong><\/p>\n\n\n\n<p>El proyecto tambi\u00e9n incluye la eliminaci\u00f3n del impuesto a las ganancias de capital, un subsidio para la protecci\u00f3n del empleo formal, medidas para la agilizaci\u00f3n de permisos ambientales y ajustes a la gratuidad de la educaci\u00f3n universitaria.<\/p>\n\n\n\n<p>&#8220;Vamos a tener que tomar medidas que a veces son impopulares (&#8230;) Aquellos que quisieron refundar el pa\u00eds lamentablemente no supieron gestionarlo&#8221;, asegur\u00f3 el Mandatario en referencia a su sucesor en el cargo, el expresidente Gabriel Boric.<\/p>\n\n\n\n<p>En materia de seguridad, la iniciativa contempla tambi\u00e9n el endurecimiento de penas al contrabando de cigarrillos y al transporte ilegal de migrantes.<\/p>\n\n\n\n<p>&#8220;Chile merece una reconstrucci\u00f3n&#8221;, a\u00f1adi\u00f3 el exdiputado, que prometi\u00f3 un &#8220;Gobierno de emergencia&#8221; y bas\u00f3 su campa\u00f1a presidencial en denunciar que el pa\u00eds &#8220;vive una crisis sin precedentes&#8221;, tanto en seguridad como en econom\u00eda<\/p>\n\n\n\n<p>&#8220;Hemos visto como empresas nacionales y extranjeras eligen pa\u00edses vecinos porque hay bajadas de impuestos y menos regulaciones y nos dejan a nosotros sin nada&#8221;, afirm\u00f3 Kast, que tom\u00f3 posesi\u00f3n el mi\u00e9rcoles.<\/p>\n","protected":false},"excerpt":{"rendered":"<p>Periodista Digital: Cooperativa.cl El Mandatario present\u00f3 un proyecto de ley que incluye varias medidas para combatir la delincuencia y dinamizar la econom\u00eda, entre ellas un ajuste a la gratuidad universitaria.&hellip; <\/p>\n","protected":false},"author":1,"featured_media":6843,"comment_status":"closed","ping_status":"open","sticky":false,"template":"","format":"standard","meta":{"_siteseo_robots_primary_cat":"none","_monsterinsights_skip_tracking":false,"_monsterinsights_sitenote_active":false,"_monsterinsights_sitenote_note":"","_monsterinsights_sitenote_category":0,"footnotes":""},"categories":[10],"tags":[],"class_list":["post-6838","post","type-post","status-publish","format-standard","has-post-thumbnail","hentry","category-nacional"],"_links":{"self":[{"href":"https:\/\/chinchorrotelevision.cl\/ma\/wp-json\/wp\/v2\/posts\/6838","targetHints":{"allow":["GET"]}}],"collection":[{"href":"https:\/\/chinchorrotelevision.cl\/ma\/wp-json\/wp\/v2\/posts"}],"about":[{"href":"https:\/\/chinchorrotelevision.cl\/ma\/wp-json\/wp\/v2\/types\/post"}],"author":[{"embeddable":true,"href":"https:\/\/chinchorrotelevision.cl\/ma\/wp-json\/wp\/v2\/users\/1"}],"replies":[{"embeddable":true,"href":"https:\/\/chinchorrotelevision.cl\/ma\/wp-json\/wp\/v2\/comments?post=6838"}],"version-history":[{"count":1,"href":"https:\/\/chinchorrotelevision.cl\/ma\/wp-json\/wp\/v2\/posts\/6838\/revisions"}],"predecessor-version":[{"id":6845,"href":"https:\/\/chinchorrotelevision.cl\/ma\/wp-json\/wp\/v2\/posts\/6838\/revisions\/6845"}],"wp:featuredmedia":[{"embeddable":true,"href":"https:\/\/chinchorrotelevision.cl\/ma\/wp-json\/wp\/v2\/media\/6843"}],"wp:attachment":[{"href":"https:\/\/chinchorrotelevision.cl\/ma\/wp-json\/wp\/v2\/media?parent=6838"}],"wp:term":[{"taxonomy":"category","embeddable":true,"href":"https:\/\/chinchorrotelevision.cl\/ma\/wp-json\/wp\/v2\/categories?post=6838"},{"taxonomy":"post_tag","embeddable":true,"href":"https:\/\/chinchorrotelevision.cl\/ma\/wp-json\/wp\/v2\/tags?post=6838"}],"curies":[{"name":"wp","href":"https:\/\/api.w.org\/{rel}","templated":true}]}}